[{"@context":"https:\/\/schema.org\/","@type":"Article","@id":"https:\/\/www.cerum.cz\/zapomente-na-trapne-prevleky\/#Article","mainEntityOfPage":"https:\/\/www.cerum.cz\/zapomente-na-trapne-prevleky\/","headline":"Zapome\u0148te na trapn\u00e9 p\u0159evleky","name":"Zapome\u0148te na trapn\u00e9 p\u0159evleky","description":"Origin\u00e1ln\u00ed kost\u00fdm si m\u016f\u017eete vyrobit doma, av\u0161ak v\u011b\u0159te, \u017ee by v\u00e1m to trvalo opravdu dlouho a v\u00fdsledek by nemusel b\u00fdt p\u0159esn\u011b podle va\u0161ich p\u0159edstav. Mnohem&hellip;","datePublished":"2023-09-27","dateModified":"2023-09-27","author":{"@type":"Person","@id":"https:\/\/www.cerum.cz\/author\/#Person","name":"","url":"https:\/\/www.cerum.cz\/author\/","identifier":1,"image":{"@type":"ImageObject","@id":"https:\/\/secure.gravatar.com\/avatar\/087c2e57f451bc02fa8017914855d7c40cf6c7d5dc1637b868e007adc26322d1?s=96&d=mm&r=g","url":"https:\/\/secure.gravatar.com\/avatar\/087c2e57f451bc02fa8017914855d7c40cf6c7d5dc1637b868e007adc26322d1?s=96&d=mm&r=g","height":96,"width":96}},"publisher":{"@type":"Organization","name":"cerum.cz","logo":{"@type":"ImageObject","@id":"\/logo.png","url":"\/logo.png","width":600,"height":60}},"url":"https:\/\/www.cerum.cz\/zapomente-na-trapne-prevleky\/","wordCount":254,"articleBody":"Origin\u00e1ln\u00ed kost\u00fdm si m\u016f\u017eete vyrobit doma, av\u0161ak v\u011b\u0159te, \u017ee by v\u00e1m to trvalo opravdu dlouho a v\u00fdsledek by nemusel b\u00fdt p\u0159esn\u011b podle va\u0161ich p\u0159edstav. Mnohem lep\u0161\u00ed vyu\u017e\u00edt profesion\u00e1ly, kte\u0159\u00ed se t\u00edmto t\u00e9matem zab\u00fdvaj\u00ed. Pr\u00e1v\u011b na\u0161e p\u016fj\u010dovna kost\u00fdm\u016f Praha je ide\u00e1ln\u00edm m\u00edstem, kam byste m\u011bli p\u0159ij\u00edt, kdy\u017e v\u00e1s \u010dek\u00e1 n\u011bjak\u00e1 v\u00fdznamn\u00e1 ud\u00e1lost, kter\u00e1 si \u017e\u00e1d\u00e1 zaj\u00edmav\u00fd p\u0159evlek. A\u0165 u\u017e se jedn\u00e1 o n\u011bjak\u00fd ma\u0161karn\u00ed ve\u010d\u00edrek, anebo jde o firemn\u00ed akci, zajist\u00e9 si u n\u00e1s vyberete sv\u016fj dokonal\u00fd p\u0159evlek. Skv\u011blou p\u0159\u00edle\u017eitost d\u00e1v\u00e1me i student\u016fm, kte\u0159\u00ed si u n\u00e1s mohou vybrat velmi vtipn\u00fd p\u0159evlek, a to za b\u00e1je\u010dn\u00e9 ceny.U n\u00e1s si vybere opravdu ka\u017ed\u00fdV\u00edme, \u017ee vybrat ide\u00e1ln\u00ed p\u0159evlek m\u016f\u017ee b\u00fdt t\u011b\u017ek\u00e9. Ne v\u0161ak tehdy, kdy\u017e m\u00e1te k dispozici opravdu velk\u00fd v\u00fdb\u011br. P\u0159\u00edkladem toho je na\u0161e nab\u00eddka, kterou m\u016f\u017eete zhl\u00e9dnout z n\u011bjak\u00e9 z na\u0161ich dvou provozoven, kter\u00e9 najdete v Praze. Jedna se nach\u00e1z\u00ed na adrese Veletr\u017en\u00ed 1 a dal\u0161\u00ed m\u016f\u017eete naj\u00edt na adrese Host\u00fdnsk\u00e1 14. Vybrat si m\u016f\u017eete i online, a to na na\u0161ich internetov\u00fdch str\u00e1nk\u00e1ch. Proto nev\u00e1hejte ani vy a oble\u010dte se nejl\u00e9pe, jak to jde.                                                                                                                                                                                                                                                                                                                                                                                                "},{"@context":"https:\/\/schema.org\/","@type":"BreadcrumbList","itemListElement":[{"@type":"ListItem","position":1,"name":"Zapome\u0148te na trapn\u00e9 p\u0159evleky","item":"https:\/\/www.cerum.cz\/zapomente-na-trapne-prevleky\/#breadcrumbitem"}]}]