[{"@context":"https:\/\/schema.org\/","@type":"Article","@id":"https:\/\/www.cerum.cz\/zajimava-krasa\/#Article","mainEntityOfPage":"https:\/\/www.cerum.cz\/zajimava-krasa\/","headline":"Zaj\u00edmav\u00e1 kr\u00e1sa","name":"Zaj\u00edmav\u00e1 kr\u00e1sa","description":"Kr\u00e1su n\u011bkdo vyzn\u00e1v\u00e1 opravdu hodn\u011b, n\u011bkdo se zaj\u00edm\u00e1 o kr\u00e1su a n\u011bkdo zase o kr\u00e1su se nezaj\u00edm\u00e1, proto\u017ee ho to v\u016fbec nevad\u00ed. Nebav\u00ed ho to&hellip;","datePublished":"2024-04-29","dateModified":"2024-04-29","author":{"@type":"Person","@id":"https:\/\/www.cerum.cz\/author\/#Person","name":"","url":"https:\/\/www.cerum.cz\/author\/","identifier":1,"image":{"@type":"ImageObject","@id":"https:\/\/secure.gravatar.com\/avatar\/087c2e57f451bc02fa8017914855d7c40cf6c7d5dc1637b868e007adc26322d1?s=96&d=mm&r=g","url":"https:\/\/secure.gravatar.com\/avatar\/087c2e57f451bc02fa8017914855d7c40cf6c7d5dc1637b868e007adc26322d1?s=96&d=mm&r=g","height":96,"width":96}},"publisher":{"@type":"Organization","name":"cerum.cz","logo":{"@type":"ImageObject","@id":"\/logo.png","url":"\/logo.png","width":600,"height":60}},"image":{"@type":"ImageObject","@id":"https:\/\/www.cerum.cz\/wp-content\/uploads\/woman-1853939_640_1.jpg","url":"https:\/\/www.cerum.cz\/wp-content\/uploads\/woman-1853939_640_1.jpg","height":0,"width":0},"url":"https:\/\/www.cerum.cz\/zajimava-krasa\/","about":["Kr\u00e1sa"],"wordCount":477,"articleBody":"Kr\u00e1su n\u011bkdo vyzn\u00e1v\u00e1 opravdu hodn\u011b, n\u011bkdo se zaj\u00edm\u00e1 o kr\u00e1su a n\u011bkdo zase o kr\u00e1su se nezaj\u00edm\u00e1, proto\u017ee ho to v\u016fbec nevad\u00ed. Nebav\u00ed ho to nevad\u00ed mu, \u017ee se nevyzn\u00e1 v kr\u00e1se anebo \u017ee o kr\u00e1su v\u016fbec nestoj\u00ed. No, j\u00e1 jsem v\u00e1\u017en\u011b prav\u00fd opak m\u011b kr\u00e1sa a m\u00f3da opravdu hodn\u011b bav\u00ed. Moc m\u011b to p\u0159itahuje r\u00e1da chod\u00edm ke kosmeti\u010dce. A tak\u00e9 m\u00e1m r\u00e1da, kdy\u017e si mohu po\u0159\u00eddit t\u0159eba n\u011bjak\u00fd kr\u00e1sn\u00fd kvalitn\u00ed parf\u00e9m anebo t\u0159eba i ple\u0165ov\u00fd kr\u00e9m. Na tomhle si d\u00e1v\u00e1m moc z\u00e1le\u017eet. J\u00e1 t\u0159eba utrat\u00edm sedm tis\u00edc korun za to, \u017ee si koup\u00edm kvalitn\u00ed kr\u00e9my na ple\u0165 a tak\u00e9 t\u0159eba parf\u00e9my anebo dal\u0161\u00ed dopl\u0148ky.A to hlavn\u011b si d\u00e1v\u00e1m z\u00e1le\u017eet na tom, abych m\u011bla kvalitn\u00ed ple\u0165ov\u00e9 kr\u00e9my. Proto\u017ee ano, je pravda, \u017ee j\u00e1 neum\u00edm st\u00e1rnout. Neum\u00edm st\u00e1rnout s gr\u00e1ci\u00ed v\u017edycky chci, abych nem\u011bla \u017e\u00e1dn\u00e9 vr\u00e1sky. Tak\u00e9 chci, aby moje ple\u0165 byla st\u00e1le hydratovan\u00e1 a napnut\u00e1 a tak\u00e9 bez chyb. Proto chod\u00edm dvakr\u00e1t m\u011bs\u00ed\u010dn\u011b ke kosmeti\u010dce a tak\u00e9 jednou m\u011bs\u00ed\u010dn\u011b ke kade\u0159nici, aby mi odbarvila odrosty a \u0161ediny. Proto\u017ee s t\u00edm bych se v\u016fbec nesm\u00ed\u0159ila. Dozv\u011bd\u011bla jsem se a sly\u0161ela jsem, \u017ee je ale opravdu hodn\u011b lid\u00ed, kte\u0159\u00ed t\u0159eba v\u016fbec nechod\u00ed ke kosmeti\u010dce, proto\u017ee jim v\u016fbec nevad\u00ed, \u017ee maj\u00ed odrosty anebo t\u0159eba maj\u00ed sem tam n\u011bjakou vr\u00e1sku a podobn\u011b.J\u00e1 bych se s t\u00edmhle nesm\u00ed\u0159ila a opravdu hodn\u011b by mi to vadilo. Moje babi\u010dka pr\u00e1v\u011b v\u016fbec nechod\u00ed ke kade\u0159nici a ke kosmeti\u010dce. Ona \u0159\u00edk\u00e1, \u017ee st\u00e1rnout se m\u00e1 s gr\u00e1ci\u00ed a \u017ee ka\u017ed\u00fd \u010dlov\u011bk bude st\u00e1rnout. Oproti tomu moje druh\u00e1 babi\u010dka tak ta chod\u00ed ke kosmeti\u010dce tak\u00e9 velice pravideln\u011b a tak\u00e9 ke kosmeti\u010dce. Ona v\u016fbec nedok\u00e1\u017ee p\u0159ipustit, \u017ee u\u017e j\u00ed je vlastn\u011b p\u011btasedmdes\u00e1t let a \u017ee vlastn\u011b u\u017e to st\u00e1rnut\u00ed zastavit t\u00e9m\u011b\u0159 v\u016fbec nejde. M\u011b je teprve p\u011btat\u0159icet let a \u0159\u00edk\u00e1m si, \u017ee bych je\u0161t\u011b t\u0159eba na sob\u011b mohla n\u011bco vylep\u0161it. A tak si \u0159\u00edk\u00e1m, \u017ee abych byla kr\u00e1sn\u011bj\u0161\u00ed a byla z vr\u00e1sek, \u017ee bych tak\u00e9 potom mohla n\u011bkdy v budoucnu nav\u0161t\u00edvit n\u011bjakou plastickou kliniku. Nechci \u017e\u00e1dn\u00e9 n\u011bjak\u00e9 velik\u00e9 z\u00e1kroky, ale t\u0159eba n\u011bjak\u00fd men\u0161\u00ed lifting anebo \u00faprava o\u010dn\u00edch v\u00ed\u010dek \u010di vr\u00e1sek by mohla b\u00fdt opravdu ide\u00e1ln\u00ed.\u00a0                                                                                                                                                                                                                                                                                                                                                                                                "},{"@context":"https:\/\/schema.org\/","@type":"BreadcrumbList","itemListElement":[{"@type":"ListItem","position":1,"name":"Zaj\u00edmav\u00e1 kr\u00e1sa","item":"https:\/\/www.cerum.cz\/zajimava-krasa\/#breadcrumbitem"}]}]