[{"@context":"https:\/\/schema.org\/","@type":"Article","@id":"https:\/\/www.cerum.cz\/uspory-ktere-se-vyplati\/#Article","mainEntityOfPage":"https:\/\/www.cerum.cz\/uspory-ktere-se-vyplati\/","headline":"\u00daspory, kter\u00e9 se vyplat\u00ed","name":"\u00daspory, kter\u00e9 se vyplat\u00ed","description":"M\u00e1te pocit, \u017ee utr\u00e1c\u00edte zbyte\u010dn\u011b velk\u00e9 \u010d\u00e1stky za \u00fa\u010dty za energie? Byli byste r\u00e1di, kdybyste neplatili tolik? V takov\u00e9m p\u0159\u00edpad\u011b byste se m\u011bli zam\u011b\u0159it na&hellip;","datePublished":"2025-04-30","dateModified":"2025-04-30","author":{"@type":"Person","@id":"https:\/\/www.cerum.cz\/author\/#Person","name":"","url":"https:\/\/www.cerum.cz\/author\/","identifier":1,"image":{"@type":"ImageObject","@id":"https:\/\/secure.gravatar.com\/avatar\/087c2e57f451bc02fa8017914855d7c40cf6c7d5dc1637b868e007adc26322d1?s=96&d=mm&r=g","url":"https:\/\/secure.gravatar.com\/avatar\/087c2e57f451bc02fa8017914855d7c40cf6c7d5dc1637b868e007adc26322d1?s=96&d=mm&r=g","height":96,"width":96}},"publisher":{"@type":"Organization","name":"cerum.cz","logo":{"@type":"ImageObject","@id":"\/logo.png","url":"\/logo.png","width":600,"height":60}},"url":"https:\/\/www.cerum.cz\/uspory-ktere-se-vyplati\/","wordCount":225,"articleBody":"M\u00e1te pocit, \u017ee utr\u00e1c\u00edte zbyte\u010dn\u011b velk\u00e9 \u010d\u00e1stky za \u00fa\u010dty za energie? Byli byste r\u00e1di, kdybyste neplatili tolik? V takov\u00e9m p\u0159\u00edpad\u011b byste se m\u011bli zam\u011b\u0159it na sn\u00ed\u017een\u00ed energetick\u00e9 n\u00e1ro\u010dnosti Va\u0161eho bydlen\u00ed. Je mnoho zp\u016fsob\u016f, kter\u00fdmi m\u016f\u017eete n\u011b\u010deho takov\u00e9ho dos\u00e1hnout, t\u00edm snad nejjednodu\u0161\u0161\u00edm je to, \u017ee se budete soust\u0159edit na sv\u011bteln\u00e9 zdroje, kter\u00e9 doma pou\u017e\u00edv\u00e1te. V\u011b\u0159te tomu, \u017ee mohou m\u00edt opravdu velk\u00fd vliv na to, jak\u00e1 bude spot\u0159eba elektrick\u00e9 energie ve Va\u0161em bydlen\u00ed. A jak\u00e9 sv\u011bteln\u00e9 zdroje byste si tedy m\u011bli vybrat? Kter\u00e9 budou vhodn\u00e9 pr\u00e1v\u011b pro Va\u0161e bydlen\u00ed? R\u00e1di V\u00e1m s t\u00edm pom\u016f\u017eeme T\u0159eba takov\u00e9 led \u017e\u00e1rovky e27 by pro V\u00e1s mohly b\u00fdt vhodnou volbou. Nenechte se m\u00e1st vzhledem, rozhodn\u011b se nejedn\u00e1 o oby\u010dejn\u00fd sv\u011bteln\u00fd zdroj. Maj\u00ed velice n\u00edzkou spot\u0159ebu, proto se jejich koup\u011b vyplat\u00ed. Jejich cena nen\u00ed p\u0159\u00edli\u0161 vysok\u00e1, nav\u00edc pen\u00edze, kter\u00e9 za n\u011b utrat\u00edte, se V\u00e1m d\u00edky \u00faspor\u00e1m za opravdu kr\u00e1tkou dobu vr\u00e1t\u00ed. Proto v\u011b\u0159te tomu, \u017ee takov\u00e9 volby nebudete litovat. Sv\u011bteln\u00e9 zdroje tohoto typu naleznete samoz\u0159ejm\u011b v na\u0161\u00ed nab\u00eddce, proto do n\u00ed kdykoliv zav\u00edtejte.                                                                                                                                                                                                                                                                                                                                                                                                "},{"@context":"https:\/\/schema.org\/","@type":"BreadcrumbList","itemListElement":[{"@type":"ListItem","position":1,"name":"\u00daspory, kter\u00e9 se vyplat\u00ed","item":"https:\/\/www.cerum.cz\/uspory-ktere-se-vyplati\/#breadcrumbitem"}]}]