[{"@context":"https:\/\/schema.org\/","@type":"Article","@id":"https:\/\/www.cerum.cz\/uklid-spolecnych-prostor-v-bytovem-dome-od-uklidove-firmy\/#Article","mainEntityOfPage":"https:\/\/www.cerum.cz\/uklid-spolecnych-prostor-v-bytovem-dome-od-uklidove-firmy\/","headline":"\u00daklid spole\u010dn\u00fdch prostor v bytov\u00e9m dom\u011b od \u00faklidov\u00e9 firmy","name":"\u00daklid spole\u010dn\u00fdch prostor v bytov\u00e9m dom\u011b od \u00faklidov\u00e9 firmy","description":"Tak\u00e9 nem\u00e1te r\u00e1di \u00faklid spole\u010dn\u00fdch prostor v panelov\u00e9m dom\u011b? Je toti\u017e velk\u00fd rozd\u00edl ukl\u00edzet doma ve vlastn\u00edm byt\u011b, anebo tam, kudy denn\u011b projde \u0159ada lid\u00ed,&hellip;","datePublished":"2024-09-11","dateModified":"2024-09-11","author":{"@type":"Person","@id":"https:\/\/www.cerum.cz\/author\/#Person","name":"","url":"https:\/\/www.cerum.cz\/author\/","identifier":1,"image":{"@type":"ImageObject","@id":"https:\/\/secure.gravatar.com\/avatar\/087c2e57f451bc02fa8017914855d7c40cf6c7d5dc1637b868e007adc26322d1?s=96&d=mm&r=g","url":"https:\/\/secure.gravatar.com\/avatar\/087c2e57f451bc02fa8017914855d7c40cf6c7d5dc1637b868e007adc26322d1?s=96&d=mm&r=g","height":96,"width":96}},"publisher":{"@type":"Organization","name":"cerum.cz","logo":{"@type":"ImageObject","@id":"\/logo.png","url":"\/logo.png","width":600,"height":60}},"image":{"@type":"ImageObject","@id":"https:\/\/www.cerum.cz\/wp-content\/uploads\/city-4793291_640_2.jpg","url":"https:\/\/www.cerum.cz\/wp-content\/uploads\/city-4793291_640_2.jpg","height":0,"width":0},"url":"https:\/\/www.cerum.cz\/uklid-spolecnych-prostor-v-bytovem-dome-od-uklidove-firmy\/","about":["Byznys"],"wordCount":404,"articleBody":"          Tak\u00e9 nem\u00e1te r\u00e1di \u00faklid spole\u010dn\u00fdch prostor v panelov\u00e9m dom\u011b? Je toti\u017e velk\u00fd rozd\u00edl ukl\u00edzet doma ve vlastn\u00edm byt\u011b, anebo tam, kudy denn\u011b projde \u0159ada lid\u00ed, n\u011bkdy dokonce v zabl\u00e1cen\u00e9 obuvi, a z\u016fst\u00e1vaj\u00ed tu po nich kousky ztvrdl\u00e9 zeminy, kam\u00ednky, p\u00edsek a n\u011bkdy dokonce i kus ps\u00edho, holub\u00edho \u010di ko\u010di\u010d\u00edho trusu, a to rozhodn\u011b nen\u00ed nic p\u0159\u00edjemn\u00e9ho. Pr\u00e1v\u011b z t\u011bchto d\u016fvod\u016f se mnoz\u00ed \u00faklidu c\u00edlen\u011b vyh\u00fdbaj\u00ed a pova\u017euj\u00ed jej za nutn\u00e9 zlo. Tomuto procesu se ale lze efektivn\u011b vyhnout, a to t\u00edm, \u017ee se dohodnete na domovn\u00ed sch\u016fzi a zajist\u00edte si \u00faklid profesion\u00e1ln\u00ed firmou. Co to pro v\u00e1s bude znamenat? V podstat\u011b komplexn\u00ed \u00faklidov\u00e9 pr\u00e1ce po cel\u00fd kalend\u00e1\u0159n\u00ed rok.Schodi\u0161t\u011b a chodby \u2013 nejobt\u00ed\u017en\u011bj\u0161\u00ed je v\u017edy \u00faklid chodeb, schodi\u0161\u0165 a podlah v dal\u0161\u00edch spole\u010dn\u00fdch prostor\u00e1ch. Pr\u00e1v\u011b tomu se nejv\u00edce lid\u00ed vyh\u00fdb\u00e1 a p\u0159edst\u00edr\u00e1 nemoc nebo nep\u0159\u00edtomnost v m\u00edst\u011b bydli\u0161t\u011b. P\u0159iznejme si, \u017ee pr\u00e1ce s kbel\u00edkem, mopem \u010di hadrem mnoha lidem nevon\u00ed a n\u011bkte\u0159\u00ed \u00faklid neprov\u00e1d\u00ed ji\u017e z principu, nap\u0159\u00edklad n\u011bkdo, kdo pracuje v kancel\u00e1\u0159i a na fyzickou pr\u00e1ci nen\u00ed zvykl\u00fd.Vestibul \u2013 \u00faklidov\u00e1 firma nejen, \u017ee d\u016fkladn\u011b vy\u010dist\u00ed schodi\u0161t\u011b a chodby, postar\u00e1 se i o \u00faklid vestibulu, kde pr\u00e1v\u011b b\u00fdv\u00e1 nejv\u00edce ne\u010distot z obuvi.Sv\u00edtidla \u2013 \u010das od \u010dasu je t\u0159eba um\u00fdt sv\u00edtidla od prachu, aby sv\u011btla na chodb\u00e1ch dod\u00e1vala dostatek um\u011bl\u00e9ho osv\u011btlen\u00ed &#8211; toto m\u00e1 tak\u00e9 na starosti \u00faklidov\u00e1 firma.V\u00fdtah \u2013 kabinka v\u00fdtahu je za\u0161pin\u011bn\u00e1 nejen na podlaze, ale i na st\u011bn\u00e1ch, kter\u00fdch se lid\u00e9 v pr\u016fb\u011bhu vyu\u017e\u00edv\u00e1n\u00ed v\u00fdtahu dot\u00fdkaj\u00ed. V n\u011bkter\u00fdch v\u00fdtaz\u00edch jsou k dispozici i zrcadla, a ta mohou b\u00fdt zama\u0161t\u011bn\u00e1 a upatlan\u00e1 od prst\u016f.Po\u0161tovn\u00ed schr\u00e1nky a dve\u0159e \u2013 vstupn\u00ed dve\u0159e a po\u0161tovn\u00ed schr\u00e1nky jsou tak\u00e9 vizitkou obyvatel domu. \u00daklidov\u00e1 firma se postar\u00e1, aby tu bylo \u010disto.Okna \u2013 ve spole\u010dn\u00fdch prostor\u00e1ch bytov\u00fdch dom\u016f je tak\u00e9 nutn\u00e9 ob\u010das um\u00fdt okna a toto je op\u011bt dom\u00e9nou profesion\u00e1l\u016f.                                                                                                                                                                                                                                                                                                                                                                                                  "},{"@context":"https:\/\/schema.org\/","@type":"BreadcrumbList","itemListElement":[{"@type":"ListItem","position":1,"name":"\u00daklid spole\u010dn\u00fdch prostor v bytov\u00e9m dom\u011b od \u00faklidov\u00e9 firmy","item":"https:\/\/www.cerum.cz\/uklid-spolecnych-prostor-v-bytovem-dome-od-uklidove-firmy\/#breadcrumbitem"}]}]