[{"@context":"https:\/\/schema.org\/","@type":"Article","@id":"https:\/\/www.cerum.cz\/tradice-s-nazvem-svatebni-oznameni\/#Article","mainEntityOfPage":"https:\/\/www.cerum.cz\/tradice-s-nazvem-svatebni-oznameni\/","headline":"Tradice s n\u00e1zvem svatebn\u00ed ozn\u00e1men\u00ed","name":"Tradice s n\u00e1zvem svatebn\u00ed ozn\u00e1men\u00ed","description":"P\u0159esn\u011b tato tradice ji\u017e stalet\u00ed pat\u0159\u00ed ke zvyklostem, kter\u00e9 prov\u00e1zej\u00ed p\u0159\u00edpravy na velk\u00fd den snoubenc\u016f. \u0158eknete si, \u017ee kousek n\u011bjak\u00e9ho nazdoben\u00e9ho pap\u00edru nem\u016f\u017ee b\u00fdt tak&hellip;","datePublished":"2023-09-28","dateModified":"2023-09-28","author":{"@type":"Person","@id":"https:\/\/www.cerum.cz\/author\/#Person","name":"","url":"https:\/\/www.cerum.cz\/author\/","identifier":1,"image":{"@type":"ImageObject","@id":"https:\/\/secure.gravatar.com\/avatar\/087c2e57f451bc02fa8017914855d7c40cf6c7d5dc1637b868e007adc26322d1?s=96&d=mm&r=g","url":"https:\/\/secure.gravatar.com\/avatar\/087c2e57f451bc02fa8017914855d7c40cf6c7d5dc1637b868e007adc26322d1?s=96&d=mm&r=g","height":96,"width":96}},"publisher":{"@type":"Organization","name":"cerum.cz","logo":{"@type":"ImageObject","@id":"\/logo.png","url":"\/logo.png","width":600,"height":60}},"url":"https:\/\/www.cerum.cz\/tradice-s-nazvem-svatebni-oznameni\/","wordCount":226,"articleBody":"P\u0159esn\u011b tato tradice ji\u017e stalet\u00ed pat\u0159\u00ed ke zvyklostem, kter\u00e9 prov\u00e1zej\u00ed p\u0159\u00edpravy na velk\u00fd den snoubenc\u016f. \u0158eknete si, \u017ee kousek n\u011bjak\u00e9ho nazdoben\u00e9ho pap\u00edru nem\u016f\u017ee b\u00fdt tak d\u016fle\u017eit\u00fd. A p\u0159edstavte si, \u017ee m\u016f\u017ee. Jak by se jinak host\u00e9 dov\u011bd\u011bli, co se chyst\u00e1, a kdo, s k\u00fdm a kde se chce vz\u00edt? A hlavn\u011b kdy, aby nikdo term\u00edn neprome\u0161kal a mohl se z\u00fa\u010dastnit, tak jedine\u010dn\u00e9 slavnosti. Pro\u010d, n\u011bco tak d\u016fle\u017eit\u00e9ho, pos\u00edlat textovou zpr\u00e1vou na mobiln\u00ed telefon, \u010di p\u0159es soci\u00e1ln\u00ed s\u00edt\u011b, kdy\u017e po\u0159\u00e1d existuje tak n\u00e1dhern\u00e1 varianta sd\u011blen\u00ed toho, co se st\u00e1v\u00e1 jednou za \u017eivot?Klasika, kter\u00e1 je\u0161t\u011b nezmizelaMo\u017en\u00e1 jste si tak\u00e9 v\u0161imli, \u017ee i po\u0161tovn\u00ed slu\u017eby po\u0159\u00e1d existuj\u00ed, a \u017ee odeslat svatebn\u00ed ozn\u00e1men\u00ed v tajemn\u00e9 ob\u00e1lce do rukou adres\u00e1ta t\u00edmto zp\u016fsobem, je mnohem \u00fachvatn\u011bj\u0161\u00ed, ne\u017e vyu\u017e\u00edvat metody elektronick\u00e9 korespondence. Ob\u00e1lka se zpr\u00e1vou, kter\u00e1 si zaslou\u017e\u00ed v\u00edce pozornosti. V\u017edy\u0165 nakonec z\u016fstane v nejednom rodinn\u00e9m albu, na kter\u00e9 se i po letech budete s l\u00e1skou d\u00edvat a vzpom\u00ednat. Byla by \u0161koda ru\u0161it, tak \u00fa\u017easn\u00e9 tradice, kdy\u017e u\u017e je m\u00e1me. Co mysl\u00edte?                                                                                                                                                                                                                                                                                                                                                                                                "},{"@context":"https:\/\/schema.org\/","@type":"BreadcrumbList","itemListElement":[{"@type":"ListItem","position":1,"name":"Tradice s n\u00e1zvem svatebn\u00ed ozn\u00e1men\u00ed","item":"https:\/\/www.cerum.cz\/tradice-s-nazvem-svatebni-oznameni\/#breadcrumbitem"}]}]