[{"@context":"https:\/\/schema.org\/","@type":"Article","@id":"https:\/\/www.cerum.cz\/rizeni-bez-ridicaku\/#Article","mainEntityOfPage":"https:\/\/www.cerum.cz\/rizeni-bez-ridicaku\/","headline":"\u0158\u00edzen\u00ed bez \u0159idi\u010d\u00e1ku","name":"\u0158\u00edzen\u00ed bez \u0159idi\u010d\u00e1ku","description":"Zkou\u0161eli jste n\u011bkdy jezdit na motorce? J\u00e1 jsem zkou\u0161ela na motorce jezdit u\u017e n\u011bkolikr\u00e1t. A pov\u00edm v\u00e1m, \u017ee j\u00edzda na motorce je opravdu perfektn\u00ed. J\u00edzda&hellip;","datePublished":"2024-10-31","dateModified":"2024-10-31","author":{"@type":"Person","@id":"https:\/\/www.cerum.cz\/author\/#Person","name":"","url":"https:\/\/www.cerum.cz\/author\/","identifier":1,"image":{"@type":"ImageObject","@id":"https:\/\/secure.gravatar.com\/avatar\/087c2e57f451bc02fa8017914855d7c40cf6c7d5dc1637b868e007adc26322d1?s=96&d=mm&r=g","url":"https:\/\/secure.gravatar.com\/avatar\/087c2e57f451bc02fa8017914855d7c40cf6c7d5dc1637b868e007adc26322d1?s=96&d=mm&r=g","height":96,"width":96}},"publisher":{"@type":"Organization","name":"cerum.cz","logo":{"@type":"ImageObject","@id":"\/logo.png","url":"\/logo.png","width":600,"height":60}},"image":{"@type":"ImageObject","@id":"https:\/\/www.cerum.cz\/wp-content\/uploads\/motor-2414164_1280.jpg","url":"https:\/\/www.cerum.cz\/wp-content\/uploads\/motor-2414164_1280.jpg","height":0,"width":0},"url":"https:\/\/www.cerum.cz\/rizeni-bez-ridicaku\/","about":["Moto"],"wordCount":415,"articleBody":"Zkou\u0161eli jste n\u011bkdy jezdit na motorce? J\u00e1 jsem zkou\u0161ela na motorce jezdit u\u017e n\u011bkolikr\u00e1t. A pov\u00edm v\u00e1m, \u017ee j\u00edzda na motorce je opravdu perfektn\u00ed. J\u00edzda na motorce m\u011b v\u017edycky moc bavila. Nedok\u00e1\u017ei si p\u0159edstavit, kdybych t\u0159eba u\u017e nikdy nemohla jezdit na motorce, proto\u017ee m\u016fj bratr m\u011bl tak\u00e9 motorku. M\u016fj bratr m\u011bl sice jenom lehkou motorku, ale byla to skv\u011bl\u00e1 motorka. Jenom\u017ee kdy\u017e se potom bratr na n\u00ed n\u011bkolikr\u00e1t vyboural, tak si \u0159ekl, \u017ee u\u017e j\u00ed rad\u0161i prod\u00e1. To sice nebyly \u017e\u00e1dn\u00e9 velik\u00e9 hav\u00e1rie, ale on m\u011bl strach, \u017ee jednou\u00a0to bude opravdu velik\u00e1 hav\u00e1rie a j\u00e1 se tomu nediv\u00edm. Jsem sp\u00ed\u0161e r\u00e1da, \u017ee bratr to takhle vzal. Vezm\u011bte si, kdyby t\u0159eba se vyboural pop\u00e1t\u00e9\u00a0a potom by skon\u010dil t\u0159eba na voz\u00ed\u010dku. Zn\u00e1m takov\u00e9 lidi, kte\u0159\u00ed se vybourali na motorce t\u0159eba jenom jednou jedinkr\u00e1t a potom skon\u010dili na voz\u00edku. A tak\u00e9 zn\u00e1m n\u011bkter\u00e9 lidi, kte\u0159\u00ed dopadli ihned napoprv\u00e9 velice \u0161patn\u011b. To je potom opravdu velice \u0161patn\u00e9 a smutn\u00e9, opravdu n\u011bkomu bych tohle nikdy v \u017eivot\u011b nep\u0159\u00e1la ani sv\u00e9mu nejhor\u0161\u00edmu nep\u0159\u00edteli. A\u00a0\u017ee jich tedy m\u00e1m.\u00a0 Proto je nejlep\u0161\u00ed, kdy\u017e rad\u011bji jezd\u00edte na tom jenom, na co m\u00e1te zku\u0161enosti anebo \u0159idi\u010dsk\u00e9 opr\u00e1vn\u011bn\u00ed bohu\u017eel v dne\u0161n\u00ed dob\u011b jezd\u00ed mnoho lid\u00ed na motorce i bez \u0159idi\u010dsk\u00e9ho opr\u00e1vn\u011bn\u00ed. A nejenom na motorce. Ale tak\u00e9 t\u0159eba jezd\u00ed v automobilu a v\u016fbec nemaj\u00ed \u0159idi\u010dsk\u00e9 opr\u00e1vn\u011bn\u00ed. Na automobil mus\u00edte m\u00edt \u0159idi\u010dsk\u00e9 opr\u00e1vn\u011bn\u00ed skupiny B. P\u0159izn\u00e1m se, \u017ee i j\u00e1 jsem n\u011bkolikr\u00e1t \u0159\u00eddila automobil bez \u0159idi\u010d\u00e1ku. V\u016fbec jsem nem\u011bla \u0159idi\u010dsk\u00e9 opr\u00e1vn\u011bn\u00ed. A\u00a0tak nakonec to dopadlo tak, \u017ee m\u011b jednou\u00a0chytla policie a platila jsem opravdu vysokou pokutu. Potom jsem m\u011bla je\u0161t\u011b rok, z\u00e1kaz si d\u011blat \u0159idi\u010dsk\u00e9 opr\u00e1vn\u011bn\u00ed. Doma jsem to v\u016fbec necht\u011bla \u0159\u00edct. Ale kdy\u017e mi potom p\u0159i\u0161el dom\u016f dopis od policie, tak v\u0161echno vylezlo na povrch. Sice to, ze m\u011b lezlo jako z chlupat\u00e9 deky, ale nakonec jsem se v\u0161em p\u0159iznala. Od m\u00e1my jsem dostala p\u00e1r facek a zbytek rodiny se mi moc sm\u00e1l.\u00a0                                                                                                                                                                                                                                                                                                                                                                                                "},{"@context":"https:\/\/schema.org\/","@type":"BreadcrumbList","itemListElement":[{"@type":"ListItem","position":1,"name":"\u0158\u00edzen\u00ed bez \u0159idi\u010d\u00e1ku","item":"https:\/\/www.cerum.cz\/rizeni-bez-ridicaku\/#breadcrumbitem"}]}]