[{"@context":"https:\/\/schema.org\/","@type":"Article","@id":"https:\/\/www.cerum.cz\/proc-si-pronajimam-auto\/#Article","mainEntityOfPage":"https:\/\/www.cerum.cz\/proc-si-pronajimam-auto\/","headline":"Pro\u010d si pronaj\u00edm\u00e1m auto","name":"Pro\u010d si pronaj\u00edm\u00e1m auto","description":"P\u0159edstavte si, \u017ee se potkaj\u00ed v Praze na ulici dva kamar\u00e1di, kte\u0159\u00ed se od studi\u00ed na vysok\u00e9 \u0161kole nevid\u011bli p\u00e1r let. Maj\u00ed si spolu co&hellip;","datePublished":"2024-09-11","dateModified":"2024-09-11","author":{"@type":"Person","@id":"https:\/\/www.cerum.cz\/author\/#Person","name":"","url":"https:\/\/www.cerum.cz\/author\/","identifier":1,"image":{"@type":"ImageObject","@id":"https:\/\/secure.gravatar.com\/avatar\/087c2e57f451bc02fa8017914855d7c40cf6c7d5dc1637b868e007adc26322d1?s=96&d=mm&r=g","url":"https:\/\/secure.gravatar.com\/avatar\/087c2e57f451bc02fa8017914855d7c40cf6c7d5dc1637b868e007adc26322d1?s=96&d=mm&r=g","height":96,"width":96}},"publisher":{"@type":"Organization","name":"cerum.cz","logo":{"@type":"ImageObject","@id":"\/logo.png","url":"\/logo.png","width":600,"height":60}},"image":{"@type":"ImageObject","@id":"https:\/\/www.cerum.cz\/wp-content\/uploads\/pexels-milos-stekly-99816836-17307614.jpg","url":"https:\/\/www.cerum.cz\/wp-content\/uploads\/pexels-milos-stekly-99816836-17307614.jpg","height":0,"width":0},"url":"https:\/\/www.cerum.cz\/proc-si-pronajimam-auto\/","about":["Byznys"],"wordCount":437,"articleBody":"         P\u0159edstavte si, \u017ee se potkaj\u00ed v Praze na ulici dva kamar\u00e1di, kte\u0159\u00ed se od studi\u00ed na vysok\u00e9 \u0161kole nevid\u011bli p\u00e1r let. Maj\u00ed si spolu co vypr\u00e1v\u011bt, a tak zajdou do cukr\u00e1rny na ovocn\u00fd dort\u00edk a k\u00e1vu nebo \u010daj a str\u00e1v\u00ed tu p\u0159\u00edjemn\u00e9 sobotn\u00ed dopoledne. Padne tak\u00e9 \u0159e\u010d na vyu\u017e\u00edv\u00e1n\u00ed osobn\u00edho automobilu a na toto t\u00e9ma tu vznikne zaj\u00edmav\u00e1 diskuse \u2013 zat\u00edmco jeden vlastn\u00ed v\u016fz, druh\u00fd ne, a p\u0159esto je spokojen\u011bj\u0161\u00ed a m\u00e9n\u011b vystresovan\u00fd. Pro\u010d tomu tak je?Auto vlastn\u011b nepot\u0159ebuji \u2013 cel\u00fd den jsem v pr\u00e1ci, doj\u00ed\u017ed\u00edm do zam\u011bstn\u00e1n\u00ed metrem, jsem tam za dvacet minut, autem bych se coural nejm\u00e9n\u011b t\u0159i \u010dtvrt\u011b hodiny. V zam\u011bstn\u00e1n\u00ed tr\u00e1v\u00edm ve\u0161ker\u00fd \u010das od dev\u00edti do sedmn\u00e1cti hodin, pak zajdu na ve\u010de\u0159i a vrac\u00edm se dom\u016f kolem sedm\u00e9. V\u011bnuju se akvaristice \u2013 m\u00e9mu kon\u00ed\u010dku a kdy\u017e m\u00e1m n\u00e1ladu, jdu se projet do Divok\u00e9 \u0160\u00e1rky na kole. A o v\u00edkendu bu\u010f sednu op\u011bt na kolo, nebo si pronajmu v\u016fz z autop\u016fj\u010dovny v Praze. Auto si pronaj\u00edm\u00e1m jen dvakr\u00e1t do m\u011bs\u00edce, proto\u017ee dva v\u00edkendy jsem \u010dasto u rodi\u010d\u016f na chalup\u011b nebo s p\u0159\u00edtelkyn\u00ed se pohybujeme po Praze.V\u016fz je v po\u0159\u00e1dku \u2013 kdy\u017e si pomysl\u00edm, \u017ee bych m\u011bl svoje auto, platil drah\u00e9 parkov\u00e1n\u00ed, povinn\u00e9 ru\u010den\u00ed, d\u00e1lni\u010dn\u00ed zn\u00e1mku, STK, v\u00fdm\u011bnu pneumatik, oleje a dal\u0161\u00ed servisn\u00ed z\u00e1sahy, tak zjist\u00edm, \u017ee bych kv\u016fli autu m\u011bl spoustu starost\u00ed. Auto z p\u016fj\u010dovny je po technick\u00e9 str\u00e1nce naprosto v po\u0159\u00e1dku a j\u00e1 se star\u00e1m jen o to, abych dotankoval palivo. A kdy\u017e m\u011b zastav\u00ed hl\u00eddka Policie, a j\u00e1 neud\u011blal \u017e\u00e1dn\u00fd p\u0159estupek, v\u016fz nen\u00ed m\u016fj a tud\u00ed\u017e se m\u011b net\u00fdkaj\u00ed \u017e\u00e1dn\u00e9 restrikce ohledn\u011b jeho technick\u00e9ho stavu. Auto je poji\u0161t\u011bn\u00e9 a m\u00e1m i d\u00e1lni\u010dn\u00ed zn\u00e1mku, tak\u017ee si m\u016f\u017eu ud\u011blat v\u00fdlet t\u0159eba na \u010cesk\u00fd \u0160ternberk po d\u00e1lnici D1 nebo vyrazit na Berounku po d\u00e1lnici sm\u011brem na Plze\u0148. Stres \u2013 v\u016fbec se m\u011b net\u00fdk\u00e1 stres kv\u016fli technick\u00e9mu stavu vozidla, prost\u011b v\u016fbec ne\u0159e\u0161\u00edm, zda auto klekne nebo ne, a pokud klekne, m\u00e1m asisten\u010dn\u00ed slu\u017ebu a pokud vozidlo sel\u017ee jeho vinou (ne moj\u00ed, nap\u0159\u00edklad kv\u016fli nehod\u011b), jsem naprosto bez starost\u00ed.                                                                                                                                                                                                                                                                                                                                                                                                  "},{"@context":"https:\/\/schema.org\/","@type":"BreadcrumbList","itemListElement":[{"@type":"ListItem","position":1,"name":"Pro\u010d si pronaj\u00edm\u00e1m auto","item":"https:\/\/www.cerum.cz\/proc-si-pronajimam-auto\/#breadcrumbitem"}]}]