[{"@context":"https:\/\/schema.org\/","@type":"Article","@id":"https:\/\/www.cerum.cz\/nechte-montaz-nabytku-na-odbornicich\/#Article","mainEntityOfPage":"https:\/\/www.cerum.cz\/nechte-montaz-nabytku-na-odbornicich\/","headline":"Nechte mont\u00e1\u017e n\u00e1bytku na odborn\u00edc\u00edch","name":"Nechte mont\u00e1\u017e n\u00e1bytku na odborn\u00edc\u00edch","description":"V\u00edte o tom, \u017ee mont\u00e1\u017ee n\u00e1bytku https:\/\/www.odnesto.cz\/montaze-a-demontaze\/ zaji\u0161\u0165uj\u00ed i st\u011bhovac\u00ed firmy? Maj\u00ed na to vy\u010dlen\u011bn\u00fd t\u00fdm odborn\u00edk\u016f, kte\u0159\u00ed nejsou vysloven\u00fdmi hromotluky, co jen p\u0159en\u00e1\u0161\u00ed t\u011b\u017ek\u00e1&hellip;","datePublished":"2024-09-11","dateModified":"2024-09-11","author":{"@type":"Person","@id":"https:\/\/www.cerum.cz\/author\/#Person","name":"","url":"https:\/\/www.cerum.cz\/author\/","identifier":1,"image":{"@type":"ImageObject","@id":"https:\/\/secure.gravatar.com\/avatar\/087c2e57f451bc02fa8017914855d7c40cf6c7d5dc1637b868e007adc26322d1?s=96&d=mm&r=g","url":"https:\/\/secure.gravatar.com\/avatar\/087c2e57f451bc02fa8017914855d7c40cf6c7d5dc1637b868e007adc26322d1?s=96&d=mm&r=g","height":96,"width":96}},"publisher":{"@type":"Organization","name":"cerum.cz","logo":{"@type":"ImageObject","@id":"\/logo.png","url":"\/logo.png","width":600,"height":60}},"image":{"@type":"ImageObject","@id":"https:\/\/www.cerum.cz\/wp-content\/uploads\/interior-design-7591340_640.jpg","url":"https:\/\/www.cerum.cz\/wp-content\/uploads\/interior-design-7591340_640.jpg","height":0,"width":0},"url":"https:\/\/www.cerum.cz\/nechte-montaz-nabytku-na-odbornicich\/","about":["Byznys"],"wordCount":421,"articleBody":"           V\u00edte o tom, \u017ee mont\u00e1\u017ee n\u00e1bytku https:\/\/www.odnesto.cz\/montaze-a-demontaze\/ zaji\u0161\u0165uj\u00ed i st\u011bhovac\u00ed firmy? Maj\u00ed na to vy\u010dlen\u011bn\u00fd t\u00fdm odborn\u00edk\u016f, kte\u0159\u00ed nejsou vysloven\u00fdmi hromotluky, co jen p\u0159en\u00e1\u0161\u00ed t\u011b\u017ek\u00e1 b\u0159emena, ale specializuj\u00ed se na tyto ryze odborn\u00e9 \u010dinnosti. M\u016f\u017eete jim tedy sv\u011b\u0159it i slo\u017eit\u00e9 pracovn\u00ed \u00fakony, jako jsou mont\u00e1\u017ee \u010di demont\u00e1\u017ee komplet kuchyn\u00ed nebo vestav\u011bn\u00fdch sk\u0159\u00edn\u00ed.Kuchyn\u011b \u2013 kdy\u017e pot\u0159ebujete p\u0159est\u011bhovat kuchy\u0148 a nejste zrovna zdatn\u00fd kutil, sta\u010d\u00ed se po kuchyni rozhl\u00e9dnout a zjist\u00edte, kolik n\u00e1ro\u010dn\u00fdch \u00fakon\u016f v\u00e1s \u010dek\u00e1. Kup\u0159\u00edkladu velk\u00e1 modern\u00ed minimalistick\u00e1 kuchyn\u011b v p\u016fdorysu tvaru p\u00edsmene U s vestav\u011bn\u00fdmi spot\u0159ebi\u010di, tam je tolik n\u00e1ro\u010dn\u00fdch moment\u016f p\u0159i demont\u00e1\u017ei, \u017ee byste mohli n\u00e1bytek nevratn\u011b po\u0161kodit.Vestavba na m\u00edru \u2013 u vestav\u011bn\u00fdch sk\u0159\u00edn\u00ed je to podobn\u00e9, ty se p\u0159i st\u011bhov\u00e1n\u00ed v\u011bt\u0161inou p\u0159izp\u016fsobuj\u00ed nov\u00e9mu prost\u0159ed\u00ed, mus\u00ed se p\u0159i\u0159\u00edznout a upravit, a to nen\u00ed pro amat\u00e9ra v\u016fbec snadn\u00e9. St\u011bhov\u00e1ci maj\u00ed k dispozici nejen pot\u0159ebnou techniku, ale hlavn\u011b zku\u0161enosti a v\u00ed si rady  https:\/\/www.hedvabnastezka.cz\/rady\/ i u n\u00e1ro\u010dn\u00fdch sestav.Mont\u00e1\u017ee n\u00e1bytku pro seniory \u2013 kdy\u017e si kup\u0159\u00edkladu senior nebo kdokoli jin\u00fd, kdo se p\u0159\u00edli\u0161 nevyzn\u00e1 v n\u00e1bytk\u00e1\u0159sk\u00e9m odv\u011btv\u00ed, objedn\u00e1 v e-shopu postel, \u010datn\u00ed sk\u0159\u00edn\u011b, psac\u00ed st\u016fl, konferen\u010dn\u00ed stolek a st\u011bnu do ob\u00fdv\u00e1ku, m\u016f\u017ee b\u00fdt p\u0159ekvapen t\u00edm, \u017ee mu nedovezou n\u00e1bytek, ale hromadu kartonov\u00fdch krabic ve stylu \u201epostav si s\u00e1m\u201c. P\u0159ivezou v\u00e1m vlastn\u011b stavebnice, ale ka\u017ed\u00fd nen\u00ed tak zru\u010dn\u00fd, aby si je smontoval na vlastn\u00ed p\u011bst. Takov\u00e1 lid\u00e9 b\u00fdvaj\u00ed bezradn\u00ed a kdy\u017e se pust\u00ed do pr\u00e1ce, nad\u011blaj\u00ed v\u00edce \u0161kody, ne\u017e u\u017eitku. Je tedy dobr\u00e9 v\u011bd\u011bt, \u017ee jsou tu st\u011bhov\u00e1ci, kte\u0159\u00ed si porad\u00ed s jak\u00fdmkoli kusem n\u00e1bytku, a \u017ee jsou k dispozici po cel\u00fd rok. Sta\u010d\u00ed si slu\u017ebu objednat p\u0159edem, jej\u00ed\u017e sou\u010d\u00e1st\u00ed m\u016f\u017ee b\u00fdt i odvoz star\u00e9ho n\u00e1bytku na sb\u011brn\u00fd dv\u016fr, p\u0159\u00edpadn\u011b vyklizen\u00ed n\u011bjak\u00fdch prostor, pokud to tamn\u00ed situace vy\u017eaduje. Mont\u00e1\u017e n\u00e1bytku spojen\u00e1 se st\u011bhov\u00e1n\u00edm a vykl\u00edzen\u00edm je celkem b\u011b\u017en\u00e1 v\u011bc.                                                                                                                                                                                                                                                                                                                                                                                                  "},{"@context":"https:\/\/schema.org\/","@type":"BreadcrumbList","itemListElement":[{"@type":"ListItem","position":1,"name":"Nechte mont\u00e1\u017e n\u00e1bytku na odborn\u00edc\u00edch","item":"https:\/\/www.cerum.cz\/nechte-montaz-nabytku-na-odbornicich\/#breadcrumbitem"}]}]