[{"@context":"https:\/\/schema.org\/","@type":"Article","@id":"https:\/\/www.cerum.cz\/mit-se-na-co-tesit\/#Article","mainEntityOfPage":"https:\/\/www.cerum.cz\/mit-se-na-co-tesit\/","headline":"M\u00edt se na co t\u011b\u0161it","name":"M\u00edt se na co t\u011b\u0161it","description":"Pro ka\u017ed\u00e9ho z n\u00e1s je d\u016fle\u017eit\u00e9, aby si dovedl ud\u011blat radost, aby se m\u011bl na co t\u011b\u0161it. Poj\u010fme se spole\u010dn\u011b ji\u017e nyn\u00ed, v po\u0161mourn\u00e9m podzimn\u00edm&hellip;","datePublished":"2025-09-03","dateModified":"2025-09-03","author":{"@type":"Person","@id":"https:\/\/www.cerum.cz\/author\/#Person","name":"","url":"https:\/\/www.cerum.cz\/author\/","identifier":1,"image":{"@type":"ImageObject","@id":"https:\/\/secure.gravatar.com\/avatar\/087c2e57f451bc02fa8017914855d7c40cf6c7d5dc1637b868e007adc26322d1?s=96&d=mm&r=g","url":"https:\/\/secure.gravatar.com\/avatar\/087c2e57f451bc02fa8017914855d7c40cf6c7d5dc1637b868e007adc26322d1?s=96&d=mm&r=g","height":96,"width":96}},"publisher":{"@type":"Organization","name":"cerum.cz","logo":{"@type":"ImageObject","@id":"\/logo.png","url":"\/logo.png","width":600,"height":60}},"url":"https:\/\/www.cerum.cz\/mit-se-na-co-tesit\/","wordCount":265,"articleBody":"Pro ka\u017ed\u00e9ho z n\u00e1s je d\u016fle\u017eit\u00e9, aby si dovedl ud\u011blat radost, aby se m\u011bl na co t\u011b\u0161it. Poj\u010fme se spole\u010dn\u011b ji\u017e nyn\u00ed, v po\u0161mourn\u00e9m podzimn\u00edm obdob\u00ed, t\u011b\u0161it a chystat na letn\u00ed dovolenou. Pokud se domn\u00edv\u00e1te, \u017ee je p\u0159\u00edli\u0161 brzy, dovol\u00edme si V\u00e1s opravit. Nikdy toti\u017e nen\u00ed p\u0159\u00edli\u0161 brzy na v\u00fdb\u011br p\u011bkn\u00e9 letn\u00ed dovolen\u00e9 dle na\u0161ich p\u0159edstav. A je-li mo\u017en\u00e9 ji zakoupit ji\u017e nyn\u00ed, s p\u0159edstihem a za v\u00fdbornou cenu, existuje dobr\u00fd d\u016fvod to odkl\u00e1dat? Vyberte si n\u011bkter\u00fd z n\u00e1dhern\u00fdch a velmi p\u0159\u00edjemn\u011b vybaven\u00fdch apartm\u00e1n\u016f v Chorvatsku. Pr\u00e1v\u011b takov\u00e9 V\u00e1m nab\u00edz\u00ed k pron\u00e1jmu cestovn\u00ed agentura ABC z R\u00fdma\u0159ova, kter\u00e1 se touto turistikou zab\u00fdv\u00e1 ji\u017e 13 let. S p\u0159\u00e1teli je n\u00e1m dob\u0159e Pan\u00ed Jind\u0159i\u0161ka Slov\u00e1\u010dkov\u00e1, kter\u00e1 provozuje zm\u00edn\u011bnou agenturu, se v\u011bnuje sv\u00e9 pr\u00e1ci s l\u00e1skou a maxim\u00e1ln\u00edm nasazen\u00edm. Tomu tak\u00e9 odpov\u00eddaj\u00ed recenze v\u0161ech spokojen\u00fdch host\u016f. Nenajdete mezi nimi ani jedinou, kter\u00e1 by nebyla na v\u00fdbornou. Dovolen\u00e9 u pan\u00ed Slov\u00e1\u010dkov\u00e9 jsou perfektn\u00ed pro rodiny s d\u011btmi, jsou perfektn\u00ed pro party p\u0159\u00e1tel, kte\u0159\u00ed spolu r\u00e1di tr\u00e1v\u00ed v\u00edce \u010dasu ne\u017e jen ob\u010dasn\u00e9 ve\u010dery \u010di odpoledne. Pr\u00e1v\u011b v Chorvatsku, na ostrov\u011b Krk, si m\u016f\u017eete u\u017e\u00edt maximum, co V\u00e1m mo\u0159e a mo\u0159sk\u00e9 pob\u0159e\u017e\u00ed m\u016f\u017ee d\u00e1t.                                                                                                                                                                                                                                                                                                                                                                                                "},{"@context":"https:\/\/schema.org\/","@type":"BreadcrumbList","itemListElement":[{"@type":"ListItem","position":1,"name":"M\u00edt se na co t\u011b\u0161it","item":"https:\/\/www.cerum.cz\/mit-se-na-co-tesit\/#breadcrumbitem"}]}]