[{"@context":"https:\/\/schema.org\/","@type":"Article","@id":"https:\/\/www.cerum.cz\/malickost-na-krku\/#Article","mainEntityOfPage":"https:\/\/www.cerum.cz\/malickost-na-krku\/","headline":"Mali\u010dkost na krku","name":"Mali\u010dkost na krku","description":"Ve velk\u00e9 v\u011bt\u0161in\u011b p\u0159\u00edpad\u016f se to dost\u00e1v\u00e1 ihned p\u0159i p\u0159\u00edchodu, kde se prok\u00e1\u017eete pozv\u00e1nkou, nebo prost\u011b jen kdy\u017e vstupujete. Pov\u011bs\u00edte si to na krk a&hellip;","datePublished":"2024-09-14","dateModified":"2024-09-14","author":{"@type":"Person","@id":"https:\/\/www.cerum.cz\/author\/#Person","name":"","url":"https:\/\/www.cerum.cz\/author\/","identifier":1,"image":{"@type":"ImageObject","@id":"https:\/\/secure.gravatar.com\/avatar\/087c2e57f451bc02fa8017914855d7c40cf6c7d5dc1637b868e007adc26322d1?s=96&d=mm&r=g","url":"https:\/\/secure.gravatar.com\/avatar\/087c2e57f451bc02fa8017914855d7c40cf6c7d5dc1637b868e007adc26322d1?s=96&d=mm&r=g","height":96,"width":96}},"publisher":{"@type":"Organization","name":"cerum.cz","logo":{"@type":"ImageObject","@id":"\/logo.png","url":"\/logo.png","width":600,"height":60}},"image":{"@type":"ImageObject","@id":"https:\/\/www.cerum.cz\/wp-content\/uploads\/kl%C3%AD%C4%8Denka%201_2.jpg","url":"https:\/\/www.cerum.cz\/wp-content\/uploads\/kl%C3%AD%C4%8Denka%201_2.jpg","height":0,"width":0},"url":"https:\/\/www.cerum.cz\/malickost-na-krku\/","about":["V\u00fdrobky"],"wordCount":435,"articleBody":"    Ve velk\u00e9 v\u011bt\u0161in\u011b p\u0159\u00edpad\u016f se to dost\u00e1v\u00e1 ihned p\u0159i p\u0159\u00edchodu, kde se prok\u00e1\u017eete pozv\u00e1nkou, nebo prost\u011b jen kdy\u017e vstupujete. Pov\u011bs\u00edte si to na krk a ka\u017ed\u00fd v\u00ed, \u017ee m\u00e1te n\u011bco spole\u010dnou s celou akc\u00ed. \u0158\u00edk\u00e1 se tomu kl\u00ed\u010denka, a\u010d na tom v\u016fbec kl\u00ed\u010de viset nemus\u00ed. M\u016f\u017ee se to nazvat t\u0159eba tak\u00e9 \u0161\u0148\u016frka na krk, nebo obal na kartu, jak chcete. N\u00e1zev kl\u00ed\u010denka je od toho, \u017ee kdysi se na takov\u00e9m prov\u00e1zku nosily skute\u010dn\u011b kl\u00ed\u010de. Hlavn\u011b d\u011bti, kter\u00e9 je \u010dasto n\u011bkde zapom\u00ednaly nebo ztr\u00e1cely. Takto jim je rodi\u010de pov\u011bsili na krk a d\u011bti u\u017e kl\u00ed\u010de neztr\u00e1cely. Zato pak visely ony na krku rodi\u010d\u016fm hodn\u011b dlouho, ale to u\u017e je ze zcela jin\u00e9ho soudku. My se budeme zab\u00fdvat pouze ji\u017e \u0159e\u010denou \u0161\u0148\u016frkou na krk, kter\u00e1 m\u00e1 ryze praktick\u00fd \u00fa\u010del. Na jej\u00edm konci se toti\u017e skute\u010dn\u011b m\u016f\u017ee houpat cokoli a ne\u0159\u00edkejte, \u017ee jste nikdy nic podobn\u00e9ho nevid\u011bli na br\u00fdl\u00edch. Je to zcela b\u011b\u017en\u00e1 v\u011bc a takov\u00fd prov\u00e1zek na br\u00fdle se d\u00e1 koupit v ka\u017ed\u00e9 optice. Nyn\u00ed si i my m\u016f\u017eeme pov\u011bsit na krk t\u0159eba zrovna ty kl\u00ed\u010de, nebo plastovou kartu, jak se to nos\u00ed n\u011bkde v obchodech, kde z\u00e1kazn\u00edk vid\u00ed jm\u00e9no prodava\u010de nebo prodava\u010dky. V domovech d\u016fchodc\u016f, tedy v bydlen\u00ed pro p\u0159est\u00e1rl\u00e9 v\u011bt\u0161inou takovou kl\u00ed\u010denku dost\u00e1v\u00e1 ka\u017ed\u00fd nov\u00fd p\u0159\u00edchoz\u00ed, proto\u017ee star\u0161\u00ed lid\u00e9 zapom\u00ednaj\u00ed tak\u00e9.A tak, kdy\u017e jdou t\u0159eba na ob\u011bd nebo ve\u010de\u0159i, zamknou si pokoj a kl\u00ed\u010de pov\u011bs\u00ed na krk. Odpad\u00e1v\u00e1 tak potom klasick\u00e9 hled\u00e1n\u00ed kl\u00ed\u010d\u016f u dve\u0159\u00ed p\u0159i n\u00e1vratu. I kdy\u017e, no, ono se m\u016f\u017ee tak\u00e9 zapomenout a hledat, ale to u\u017e ka\u017ed\u00fd, kdo projde m\u016f\u017ee upozornit, \u017ee tomu, kdo kl\u00ed\u010de hled\u00e1 po kaps\u00e1ch vlastn\u011b vis\u00ed na krku. To je skute\u010dn\u00fd p\u0159\u00edb\u011bh, ten se stal a st\u00e1v\u00e1 se pom\u011brn\u011b \u010dasto. I na tu \u0161\u0148\u016frku na krku je t\u0159eba si zvyknout. A pokud jste p\u0159edt\u00edm nosili v\u0161echno po kaps\u00e1ch\u2026 No, kl\u00ed\u010denku si m\u016f\u017eete po\u0159\u00eddit i vy, a to skoro zadarmo a vkusn\u011b vyvedenou. Posta\u010d\u00ed va\u0161e kliknut\u00ed na odkaz zde v \u010dl\u00e1nku a r\u00e1zem jste na webov\u00fdch str\u00e1nk\u00e1ch, kde si jist\u011b vyberete.                                                                                                                                                                                                                                                                                                                                                                                                   "},{"@context":"https:\/\/schema.org\/","@type":"BreadcrumbList","itemListElement":[{"@type":"ListItem","position":1,"name":"Mali\u010dkost na krku","item":"https:\/\/www.cerum.cz\/malickost-na-krku\/#breadcrumbitem"}]}]