[{"@context":"https:\/\/schema.org\/","@type":"Article","@id":"https:\/\/www.cerum.cz\/jsou-elektroauta-cesta\/#Article","mainEntityOfPage":"https:\/\/www.cerum.cz\/jsou-elektroauta-cesta\/","headline":"Jsou elektroauta cesta?","name":"Jsou elektroauta cesta?","description":"Ka\u017ed\u00fd asi tu\u0161\u00ed, jak prob\u00edh\u00e1 v\u00fdroba elekt\u0159iny. Naprost\u00e1 v\u011bt\u0161ina t\u00e9to energie, kterou v\u0161ichni pot\u0159ebujeme k \u017eivotu, poch\u00e1z\u00ed z jadern\u00fdch elektr\u00e1ren. Jadern\u00e9 elektr\u00e1rny produkuj\u00ed radioaktivn\u00ed odpad,&hellip;","datePublished":"2024-09-23","dateModified":"2024-09-23","author":{"@type":"Person","@id":"https:\/\/www.cerum.cz\/author\/#Person","name":"","url":"https:\/\/www.cerum.cz\/author\/","identifier":1,"image":{"@type":"ImageObject","@id":"https:\/\/secure.gravatar.com\/avatar\/087c2e57f451bc02fa8017914855d7c40cf6c7d5dc1637b868e007adc26322d1?s=96&d=mm&r=g","url":"https:\/\/secure.gravatar.com\/avatar\/087c2e57f451bc02fa8017914855d7c40cf6c7d5dc1637b868e007adc26322d1?s=96&d=mm&r=g","height":96,"width":96}},"publisher":{"@type":"Organization","name":"cerum.cz","logo":{"@type":"ImageObject","@id":"\/logo.png","url":"\/logo.png","width":600,"height":60}},"image":{"@type":"ImageObject","@id":"https:\/\/www.cerum.cz\/wp-content\/uploads\/charging-station-6791031_640_1.jpg","url":"https:\/\/www.cerum.cz\/wp-content\/uploads\/charging-station-6791031_640_1.jpg","height":0,"width":0},"url":"https:\/\/www.cerum.cz\/jsou-elektroauta-cesta\/","about":["Elektro"],"wordCount":427,"articleBody":"Ka\u017ed\u00fd asi tu\u0161\u00ed, jak prob\u00edh\u00e1 v\u00fdroba elekt\u0159iny. Naprost\u00e1 v\u011bt\u0161ina t\u00e9to energie, kterou v\u0161ichni pot\u0159ebujeme k \u017eivotu, poch\u00e1z\u00ed z jadern\u00fdch elektr\u00e1ren. Jadern\u00e9 elektr\u00e1rny produkuj\u00ed radioaktivn\u00ed odpad, kter\u00fd se ukl\u00e1d\u00e1 ve speci\u00e1ln\u00edch ut\u011bsn\u011bn\u00fdch n\u00e1dob\u00e1ch na p\u0159edem ur\u010den\u00fdch m\u00edstech, kter\u00e1 jsou lidem nep\u0159\u00edstupn\u00e1. To je pr\u00e1v\u011b trnem v oku klimatick\u00fdm aktivist\u016fm, kte\u0159\u00ed by nejrad\u011bji z minuty na minutu v\u0161echny tyto elektr\u00e1rny zav\u0159eli. Probl\u00e9m je, \u017ee za neekologick\u00e9 jadern\u00e9 elektr\u00e1rny zat\u00edm nem\u00e1me adekv\u00e1tn\u00ed n\u00e1hrady, kter\u00e9 by dok\u00e1zaly vyrobit stejn\u00e9 mno\u017estv\u00ed elekt\u0159iny za stejnou cenu. Elekt\u0159iny je st\u00e1le m\u00e9n\u011b pr\u00e1v\u011b kv\u016fli tomu, \u017ee nap\u0159\u00edklad N\u011bmci zav\u00edraj\u00ed jednu elektr\u00e1rnu za druhou, a okoln\u00ed st\u00e1ty jim tak budou prod\u00e1vat elekt\u0159inu kterou vyrob\u00ed. U\u017e te\u010f je na mnoha m\u00edstech b\u011b\u017en\u00e9 \u017ee doch\u00e1z\u00ed k v\u00fdpadk\u016fm elekt\u0159iny z d\u016fvodu p\u0159et\u00ed\u017een\u00ed s\u00edt\u00ed. Kdy\u017e k tomu p\u0159i\u010dtete i spot\u0159ebu elekt\u0159iny u elektroaut, dojde v\u00e1m, \u017ee v\u00fdpadky budou \u010dast\u011bj\u0161\u00ed i u n\u00e1s. P\u0159itom elektromobily jsou v\u011bc, kterou n\u00e1m nut\u00ed spousta vl\u00e1d na cel\u00e9m sv\u011bt\u011b, v\u010detn\u011b t\u00e9 na\u0161\u00ed. Podle aktivist\u016f m\u00e1 b\u00fdt provoz t\u011bchto vozidel daleko ekologi\u010dt\u011bj\u0161\u00ed ne\u017e spalovac\u00ed motory. Bohu\u017eel posledn\u00ed nez\u00e1visl\u00e9 v\u00fdzkumy sp\u00ed\u0161e ukazuj\u00ed \u017ee je to naopak. Tato vozidla jsou pom\u011brn\u011b poruchov\u00e1 a jejich po\u0159izovac\u00ed cena a \u00fadr\u017eba je n\u00e1kladn\u011bj\u0161\u00ed ne\u017e po\u0159\u00edzen\u00ed a \u00fadr\u017eba aut na spalovac\u00ed motor. Probl\u00e9m je \u017ee cel\u00e1 \u0159ada automobilek pomalu upou\u0161t\u00ed od v\u00fdroby spalovac\u00edch motor\u016f, tak\u017ee b\u011bhem p\u00e1r let u\u017e si jin\u00e9 auto nekoup\u00edte. Ka\u017ed\u00fd by m\u011bl m\u00edt pr\u00e1vo volby, a ka\u017ed\u00fd by m\u011bl m\u00edt mo\u017enost si za svoje pen\u00edze koupit cenov\u011b dostupn\u00e9 auto. Cesta jakou se vyd\u00e1v\u00e1 Evropsk\u00e1 unie je, ale sp\u00ed\u0161 cesta n\u00e1tlaku a donucov\u00e1n\u00ed ke koupi vozidel na elekt\u0159inu, o kter\u00e1 zase nen\u00ed tak velk\u00fd z\u00e1jem jak se p\u0159edpokl\u00e1dalo. V \u010cesk\u00e9 republice prob\u00edh\u00e1 program, kdy si m\u016f\u017eete za\u017e\u00e1dat o dotaci na n\u00e1kup elektromobily, co\u017e je ale krok zp\u011bt \u2013 nejd\u0159\u00edv pen\u00edze vyberete od v\u0161ech, a potom je p\u0159erozd\u011bl\u00edte ur\u010dit\u00e9 skupin\u011b lid\u00ed.                                                                                                                                                                                                                                                                                                                                                                                                "},{"@context":"https:\/\/schema.org\/","@type":"BreadcrumbList","itemListElement":[{"@type":"ListItem","position":1,"name":"Jsou elektroauta cesta?","item":"https:\/\/www.cerum.cz\/jsou-elektroauta-cesta\/#breadcrumbitem"}]}]