[{"@context":"https:\/\/schema.org\/","@type":"Article","@id":"https:\/\/www.cerum.cz\/jak-na-web\/#Article","mainEntityOfPage":"https:\/\/www.cerum.cz\/jak-na-web\/","headline":"Jak na web","name":"Jak na web","description":"Um\u00edte pracovat opravdu dob\u0159e s webem um\u00edte ud\u011blat webov\u00e9 str\u00e1nky? Podle m\u00e9ho n\u00e1zoru ten \u010dlov\u011bk, kter\u00fd se vyzn\u00e1 ve webov\u00fdch str\u00e1nk\u00e1ch, tak um\u00ed dokonale zach\u00e1zet&hellip;","datePublished":"2024-10-31","dateModified":"2024-10-31","author":{"@type":"Person","@id":"https:\/\/www.cerum.cz\/author\/#Person","name":"","url":"https:\/\/www.cerum.cz\/author\/","identifier":1,"image":{"@type":"ImageObject","@id":"https:\/\/secure.gravatar.com\/avatar\/087c2e57f451bc02fa8017914855d7c40cf6c7d5dc1637b868e007adc26322d1?s=96&d=mm&r=g","url":"https:\/\/secure.gravatar.com\/avatar\/087c2e57f451bc02fa8017914855d7c40cf6c7d5dc1637b868e007adc26322d1?s=96&d=mm&r=g","height":96,"width":96}},"publisher":{"@type":"Organization","name":"cerum.cz","logo":{"@type":"ImageObject","@id":"\/logo.png","url":"\/logo.png","width":600,"height":60}},"image":{"@type":"ImageObject","@id":"https:\/\/www.cerum.cz\/wp-content\/uploads\/people-2568603_1280.jpg","url":"https:\/\/www.cerum.cz\/wp-content\/uploads\/people-2568603_1280.jpg","height":0,"width":0},"url":"https:\/\/www.cerum.cz\/jak-na-web\/","about":["Web"],"wordCount":406,"articleBody":"Um\u00edte pracovat opravdu dob\u0159e s webem um\u00edte ud\u011blat webov\u00e9 str\u00e1nky? Podle m\u00e9ho n\u00e1zoru ten \u010dlov\u011bk, kter\u00fd se vyzn\u00e1 ve webov\u00fdch str\u00e1nk\u00e1ch, tak um\u00ed dokonale zach\u00e1zet s po\u010d\u00edta\u010dem, tedy ne p\u0159\u00edmo dokonale, ale mysl\u00edm si, \u017ee ovl\u00e1d\u00e1 po\u010d\u00edta\u010d opravdu dob\u0159e. Proto\u017ee jsem se dozv\u011bd\u011bla, \u017ee ud\u011blat webov\u00e9 str\u00e1nky je n\u011bkdy pro n\u011bkoho opravdu velk\u00fd o\u0159\u00ed\u0161ek. Pro n\u011bkoho je to velice n\u00e1ro\u010dn\u00e9, dokonce je to n\u00e1ro\u010dn\u00e9 i pro toho \u010dlov\u011bka, kter\u00fd se t\u0159eba vyzn\u00e1 dob\u0159e v informa\u010dn\u00ed technologii anebo t\u0159eba udr\u017euje webov\u00e9 str\u00e1nky, pokud m\u00e1te sv\u00e9 vlastn\u00ed. Webov\u00e9 str\u00e1nky, tak by se v\u00e1m vyplatilo, abyste si tak\u00e9 sv\u00e9 webov\u00e9 str\u00e1nky opravdu udr\u017eovali, proto\u017ee kdy\u017e budete m\u00edt neudr\u017eovan\u00e9 a nep\u0159ehledn\u00e9 webov\u00e9 str\u00e1nky, tak je to \u0161koda.Proto\u017ee pochybuji, \u017ee n\u011bkdo bude koukat na nep\u0159ehledn\u00e9 webov\u00e9 str\u00e1nky, kde se v\u016fbec nikdo nevyzn\u00e1. Kdy\u017e budete m\u00edt e-shop a vlastn\u00ed webov\u00e9 str\u00e1nky, kde budete nab\u00edzet zbo\u017e\u00ed a slu\u017eby a bude to nep\u0159ehledn\u00e9, tak tam bude opravdu m\u00e1lo z\u00e1jemc\u016f. Bude tam opravdu m\u00e1lo klient\u016f. A j\u00e1 si mysl\u00edm, \u017ee ka\u017ed\u00fd zam\u011bstnavatel anebo ka\u017ed\u00fd majitel webu chce, aby tam chodilo co nejv\u00edce lid\u00ed. Kdy\u017e t\u0159eba si nebudete v\u011bd\u011bt rady, jak na webov\u00e9 str\u00e1nky nebo jak s webem zach\u00e1zet, tak si m\u016f\u017eete t\u0159eba sehnat tak\u00e9 n\u011bjakou reklamn\u00ed agenturu. Reklamn\u00ed agentura anebo design\u00e9rsk\u00e1 firma v\u00e1m pr\u00e1v\u011b pom\u016f\u017ee s va\u0161\u00edm webem.\u00a0Uk\u00e1\u017ee v\u00e1m, co d\u011bl\u00e1te \u0161patn\u011b anebo jak na webov\u00e9 str\u00e1nky.\u00a0Proto\u017ee n\u011bkdo se v\u016fbec nevyzn\u00e1, jak na webov\u00e9 str\u00e1nky anebo jak udr\u017eovat webov\u00e9 str\u00e1nky v chodu. A hlavn\u011b tak, aby webov\u00e9 str\u00e1nky v\u017edycky byly opravdu dokonale p\u0159ehledn\u00e9. Na nep\u0159ehledn\u00e9 str\u00e1nky bych dokonce ne\u0161la u\u017e ani j\u00e1. A v\u011b\u0159te, \u017ee s t\u00edm m\u00e1m zku\u0161enosti. Vid\u011bla jsem jedny\u00a0webov\u00e9 str\u00e1nky, kde se nab\u00edzely potraviny. Ale ta webov\u00e1 str\u00e1nka byla tak nep\u0159ehledn\u00e1, a tak slo\u017eit\u00e1, \u017ee jsem rad\u011bji z t\u00e9to webov\u00e9 str\u00e1nky ode\u0161la a \u0161la jsem na jinou.\u00a0                                                                                                                                                                                                                                                                                                                                                                                                "},{"@context":"https:\/\/schema.org\/","@type":"BreadcrumbList","itemListElement":[{"@type":"ListItem","position":1,"name":"Jak na web","item":"https:\/\/www.cerum.cz\/jak-na-web\/#breadcrumbitem"}]}]