[{"@context":"https:\/\/schema.org\/","@type":"Article","@id":"https:\/\/www.cerum.cz\/co-vse-dnes-s-mobilnim-telefonem-dokazeme\/#Article","mainEntityOfPage":"https:\/\/www.cerum.cz\/co-vse-dnes-s-mobilnim-telefonem-dokazeme\/","headline":"Co v\u0161e dnes s mobiln\u00edm telefonem dok\u00e1\u017eeme","name":"Co v\u0161e dnes s mobiln\u00edm telefonem dok\u00e1\u017eeme","description":"Je zaj\u00edmav\u00e9, jak rychle se mobiln\u00ed telefony mezi lidmi roz\u0161\u00ed\u0159ily, zvl\u00e1\u0161t\u011b pot\u00e9, co se jejich cena sn\u00ed\u017eila a ony se staly dostupn\u00fdmi i pro b\u011b\u017enou&hellip;","datePublished":"2023-10-30","dateModified":"2023-10-30","author":{"@type":"Person","@id":"https:\/\/www.cerum.cz\/author\/#Person","name":"","url":"https:\/\/www.cerum.cz\/author\/","identifier":1,"image":{"@type":"ImageObject","@id":"https:\/\/secure.gravatar.com\/avatar\/087c2e57f451bc02fa8017914855d7c40cf6c7d5dc1637b868e007adc26322d1?s=96&d=mm&r=g","url":"https:\/\/secure.gravatar.com\/avatar\/087c2e57f451bc02fa8017914855d7c40cf6c7d5dc1637b868e007adc26322d1?s=96&d=mm&r=g","height":96,"width":96}},"publisher":{"@type":"Organization","name":"cerum.cz","logo":{"@type":"ImageObject","@id":"\/logo.png","url":"\/logo.png","width":600,"height":60}},"image":{"@type":"ImageObject","@id":"https:\/\/www.cerum.cz\/wp-content\/uploads\/mobil5_10_5.jpg","url":"https:\/\/www.cerum.cz\/wp-content\/uploads\/mobil5_10_5.jpg","height":0,"width":0},"url":"https:\/\/www.cerum.cz\/co-vse-dnes-s-mobilnim-telefonem-dokazeme\/","about":["Mobil"],"wordCount":408,"articleBody":"Je zaj\u00edmav\u00e9, jak rychle se mobiln\u00ed telefony mezi lidmi roz\u0161\u00ed\u0159ily, zvl\u00e1\u0161t\u011b pot\u00e9, co se jejich cena sn\u00ed\u017eila a ony se staly dostupn\u00fdmi i pro b\u011b\u017enou ve\u0159ejnost. Je v\u0161ak pravdou, \u017ee zat\u00edmco d\u0159\u00edve vypadaly \u00fapln\u011b jinak ne\u017e dnes, a tak\u00e9 m\u011bly \u00fapln\u011b jin\u00e9 funkce, ne\u017e na jak\u00e9 jsme zvykl\u00ed. Za tu doby se velmi zm\u011bnily. Jak\u00e9 mo\u017enosti maj\u00ed dnes, oproti t\u011bm prvn\u00edm?\u00a0V\u00a0prvn\u00ed \u0159ad\u011b je zde tvar, velikost a v\u00e1ha. Prvn\u00ed mobily byly v\u00a0podstat\u011b velk\u00e9 sk\u0159\u00edn\u011b, kter\u00e9 se nosily na p\u00e1sku p\u0159es rameno. Jedin\u00e9, co dok\u00e1zaly, bylo klasick\u00e9 vol\u00e1n\u00ed. A je pravdou, \u017ee to tehdy sta\u010dilo. Mo\u017enost zavolat si v\u00a0podstat\u011b odkudkoliv byla n\u011b\u010d\u00edm \u00fapln\u011b nov\u00fdm. Jist\u011b, pokryt\u00ed v\u00a0t\u00e9 dob\u011b bylo pouze ve v\u011bt\u0161\u00edch m\u011bstech, a tyto mobily byly velmi drah\u00e9, av\u0161ak vzhledem k\u00a0tomu, \u017ee si je po\u0159izovali p\u0159edev\u0161\u00edm podnikatel\u00e9.\u00a0\u00a0T\u00edm prvn\u00edm, co mobily mimo vol\u00e1n\u00ed dok\u00e1zaly, bylo pos\u00edl\u00e1n\u00ed textov\u00fdch zpr\u00e1v. I to pomohlo, nebo\u0165 tak ji\u017e nebylo nutn\u00e9 volat. Danou zpr\u00e1vu tak p\u0159\u00edjemce dostal a mohl si ji p\u0159e\u010d\u00edst i pozd\u011bji, kdy\u017e zrovna v\u00a0danou dobu nemohl volat. Asi nen\u00ed t\u0159eba \u0159\u00edkat, \u017ee to bylo v\u00fdhodn\u00e9.\u00a0Postupn\u011b se za\u010daly p\u0159id\u00e1vat dal\u0161\u00ed aplikace. Tou prvn\u00ed byla kalkula\u010dka, av\u0161ak ta dlouho nez\u016fstala sama. Vyv\u00edjely se st\u00e1le nov\u00e9 a nov\u00e9, a spolu s\u00a0t\u00edm se vyv\u00edjely i syst\u00e9my mobiln\u00edch telefon\u016f. Ty byly st\u00e1le lep\u0161\u00ed, rychlej\u0161\u00ed a v\u00fdkonn\u011bj\u0161\u00ed, a tak umo\u017e\u0148ovaly st\u00e1le nov\u00e9, lep\u0161\u00ed funkce.\u00a0\u00a0Ov\u0161em nez\u016fstalo jen u aplikac\u00ed. P\u0159idaly se i dal\u0161\u00ed mo\u017enosti, jako byl fotoapar\u00e1t a pozd\u011bji i kamera. Ty umo\u017enily po\u0159izov\u00e1n\u00ed fotografi\u00ed a nat\u00e1\u010den\u00ed vide\u00ed, by\u0165 v\u00a0za\u010d\u00e1tku nebyla jejich kvalita nijak vysok\u00e1. I ta se v\u0161ak zlep\u0161ovala, a dnes ji\u017e m\u016f\u017eeme d\u011blat kr\u00e1sn\u00e9, \u010dist\u00e9 fotografie.\u00a0U toho samoz\u0159ejm\u011b nez\u016fstalo. Mo\u017enosti mobiln\u00edch telefon\u016f se neust\u00e1le rozr\u016fstaj\u00ed. Dnes maj\u00ed nap\u0159\u00edklad vestav\u011bnou navigaci, a pokud jsou spojeny s\u00a0chytr\u00fdmi hodinkami, pak i monitoring \u017eivotn\u00edch funkc\u00ed. A je jasn\u00e9, \u017ee v\u00fdvoj bude i nad\u00e1le pokra\u010dovat. Kam se bude ub\u00edrat? To uk\u00e1\u017ee budoucnost.                                                                                                                                                                                                                                                                                                                                                                                                "},{"@context":"https:\/\/schema.org\/","@type":"BreadcrumbList","itemListElement":[{"@type":"ListItem","position":1,"name":"Co v\u0161e dnes s mobiln\u00edm telefonem dok\u00e1\u017eeme","item":"https:\/\/www.cerum.cz\/co-vse-dnes-s-mobilnim-telefonem-dokazeme\/#breadcrumbitem"}]}]