[{"@context":"https:\/\/schema.org\/","@type":"Article","@id":"https:\/\/www.cerum.cz\/co-si-predstavit-pod-pojmem-ekologicky-obal\/#Article","mainEntityOfPage":"https:\/\/www.cerum.cz\/co-si-predstavit-pod-pojmem-ekologicky-obal\/","headline":"Co si p\u0159edstavit pod pojmem ekologick\u00fd obal","name":"Co si p\u0159edstavit pod pojmem ekologick\u00fd obal","description":"Ekologie je dnes pojem sice d\u016fle\u017eit\u00fd, ale n\u011bkdy nespr\u00e1vn\u011b pochopen\u00fd. Chcete-li se chovat ekologicky, mus\u00edte zn\u00e1t hlavn\u011b pozad\u00ed v\u00fdroby r\u016fzn\u00fdch materi\u00e1l\u016f a v\u00fdrobk\u016f, s nimi\u017e&hellip;","datePublished":"2024-09-11","dateModified":"2024-09-11","author":{"@type":"Person","@id":"https:\/\/www.cerum.cz\/author\/#Person","name":"","url":"https:\/\/www.cerum.cz\/author\/","identifier":1,"image":{"@type":"ImageObject","@id":"https:\/\/secure.gravatar.com\/avatar\/087c2e57f451bc02fa8017914855d7c40cf6c7d5dc1637b868e007adc26322d1?s=96&d=mm&r=g","url":"https:\/\/secure.gravatar.com\/avatar\/087c2e57f451bc02fa8017914855d7c40cf6c7d5dc1637b868e007adc26322d1?s=96&d=mm&r=g","height":96,"width":96}},"publisher":{"@type":"Organization","name":"cerum.cz","logo":{"@type":"ImageObject","@id":"\/logo.png","url":"\/logo.png","width":600,"height":60}},"image":{"@type":"ImageObject","@id":"https:\/\/www.cerum.cz\/wp-content\/uploads\/boxes-5429964_640.jpg","url":"https:\/\/www.cerum.cz\/wp-content\/uploads\/boxes-5429964_640.jpg","height":0,"width":0},"url":"https:\/\/www.cerum.cz\/co-si-predstavit-pod-pojmem-ekologicky-obal\/","about":["V\u00fdrobky"],"wordCount":392,"articleBody":"         Ekologie je dnes pojem sice d\u016fle\u017eit\u00fd, ale n\u011bkdy nespr\u00e1vn\u011b pochopen\u00fd. Chcete-li se chovat ekologicky, mus\u00edte zn\u00e1t hlavn\u011b pozad\u00ed v\u00fdroby r\u016fzn\u00fdch materi\u00e1l\u016f a v\u00fdrobk\u016f, s nimi\u017e p\u0159ich\u00e1z\u00edte do styku. Tak nap\u0159\u00edklad k v\u00fdrob\u011b pap\u00edru se spot\u0159ebuje obrovsk\u00e9 mno\u017estv\u00ed elektrick\u00e9 energie, p\u0159\u00edpadn\u011b zemn\u00edho plynu a biomasy. Za ob\u011b\u0165 mnohdy padne mnoho strom\u016f. Nelze tedy tvrdit, \u017ee v\u00fdroba plast\u016f je vysloven\u011b neeokologick\u00e1, a \u017ee pouze v\u0161e, co je z pap\u00edru, je dobr\u00e9. U pap\u00edru je jistou v\u00fdhodou jeho biologick\u00e1 rozlo\u017eitelnost, tak\u017ee z hlediska skl\u00e1dkov\u00e1n\u00ed je pap\u00edr ekologick\u00fd, zat\u00edmco plastov\u00e9 PET lahve rozhodn\u011b ne, proto\u017ee ty se na skl\u00e1dce pod povrchem zem\u011b rozlo\u017e\u00ed mo\u017en\u00e1 a\u017e za stovky let. Ov\u0161em na druhou stranu plast lze recyklovat a vyr\u00e1b\u011bt z n\u011bj dal\u0161\u00ed v\u00fdrobky, nap\u0159\u00edklad lavi\u010dky v m\u011bstsk\u00e9m parku z plastov\u00e9ho recykl\u00e1tu, plastov\u00e9 p\u0159epravky na zeleninu apod. Jestli\u017ee se tedy m\u00e1me pobavit na t\u00e9ma ekologick\u00e9 obaly, m\u011bli bychom posuzovat v\u00edce hledisek a hled\u011bt na to podstatn\u00e9, co n\u00e1s zaj\u00edm\u00e1, zda je to \u00faspora energie p\u0159i v\u00fdrob\u011b z\u00e1kladn\u00ed suroviny, anebo rozlo\u017eitelnost hmoty na skl\u00e1dce, p\u0159\u00edpadn\u011b minim\u00e1ln\u00ed z\u00e1t\u011b\u017e pro \u017eivotn\u00ed prost\u0159ed\u00ed p\u0159i spalov\u00e1n\u00ed odpadu ve spalovn\u00e1ch.Tak\u017ee mezi ekologick\u00e9 obaly pat\u0159\u00ed nap\u0159\u00edklad kraftov\u00fd pap\u00edr, kter\u00fd se dob\u0159e rozkl\u00e1d\u00e1 a m\u016f\u017eete jej vyu\u017e\u00edt i p\u0159i kompostov\u00e1n\u00ed. Ekologick\u00e9 jsou ale tak\u00e9 v\u00fdpl\u0148ov\u00e9 pol\u0161t\u00e1\u0159ky, proto\u017ee jako v\u00fdpl\u0148ov\u00fd materi\u00e1l zapln\u00ed celou krabici, p\u0159i\u010dem\u017e je uvnit\u0159 v\u00edce vzduchu, ne\u017e plastu, tak\u017ee kdy\u017e pol\u0161t\u00e1\u0159ky prop\u00edchnete a splasknou, bude z nich pouze mal\u00e1 hrst odpadu, zat\u00edmco u jin\u00e9ho v\u00fdpl\u0148ov\u00e9ho materi\u00e1lu, nap\u0159\u00edklad kartonov\u00e9 vlny, bude odpadu mnohem v\u00edc.Ekologie je tedy relativn\u00ed v\u00fdraz a je nutn\u00e9 na ni pohl\u00ed\u017eet zdrav\u00fdm selsk\u00fdm rozumem. Nenechat se p\u0159esv\u011bd\u010dovat n\u011bk\u00fdm, kdo tomu nerozum\u00ed, a kdo nejde v\u00edc do hloubky probl\u00e9mu a pouze st\u00e1le opakuje n\u011bjak\u00e9 zkreslen\u00e9, nazpam\u011b\u0165 nau\u010den\u00e9 pou\u010dky.                                                                                                                                                                                                                                                                                                                                                                                                  "},{"@context":"https:\/\/schema.org\/","@type":"BreadcrumbList","itemListElement":[{"@type":"ListItem","position":1,"name":"Co si p\u0159edstavit pod pojmem ekologick\u00fd obal","item":"https:\/\/www.cerum.cz\/co-si-predstavit-pod-pojmem-ekologicky-obal\/#breadcrumbitem"}]}]