[{"@context":"https:\/\/schema.org\/","@type":"Article","@id":"https:\/\/www.cerum.cz\/co-si-muzete-uplest-z-pediku\/#Article","mainEntityOfPage":"https:\/\/www.cerum.cz\/co-si-muzete-uplest-z-pediku\/","headline":"Co si m\u016f\u017eete upl\u00e9st z pediku","name":"Co si m\u016f\u017eete upl\u00e9st z pediku","description":"Pedik je tropick\u00e1 pralesn\u00ed li\u00e1na, kter\u00e1 je ide\u00e1ln\u00edm partnerem pro tv\u016fr\u010d\u00ed \u010dinnost, jestli\u017ee m\u00e1te r\u00e1di ko\u0161\u00edk\u00e1\u0159sk\u00e9 v\u00fdrobky. Toto \u0159emeslo pat\u0159\u00ed k nejstar\u0161\u00edm \u0159emesln\u00fdm \u010dinnostem, kter\u00e9&hellip;","datePublished":"2024-08-27","dateModified":"2024-08-27","author":{"@type":"Person","@id":"https:\/\/www.cerum.cz\/author\/#Person","name":"","url":"https:\/\/www.cerum.cz\/author\/","identifier":1,"image":{"@type":"ImageObject","@id":"https:\/\/secure.gravatar.com\/avatar\/087c2e57f451bc02fa8017914855d7c40cf6c7d5dc1637b868e007adc26322d1?s=96&d=mm&r=g","url":"https:\/\/secure.gravatar.com\/avatar\/087c2e57f451bc02fa8017914855d7c40cf6c7d5dc1637b868e007adc26322d1?s=96&d=mm&r=g","height":96,"width":96}},"publisher":{"@type":"Organization","name":"cerum.cz","logo":{"@type":"ImageObject","@id":"\/logo.png","url":"\/logo.png","width":600,"height":60}},"image":{"@type":"ImageObject","@id":"https:\/\/www.cerum.cz\/wp-content\/uploads\/reed-3166698_640.jpg","url":"https:\/\/www.cerum.cz\/wp-content\/uploads\/reed-3166698_640.jpg","height":0,"width":0},"url":"https:\/\/www.cerum.cz\/co-si-muzete-uplest-z-pediku\/","about":["V\u00fdrobky"],"wordCount":437,"articleBody":"         Pedik je tropick\u00e1 pralesn\u00ed li\u00e1na, kter\u00e1 je ide\u00e1ln\u00edm partnerem pro tv\u016fr\u010d\u00ed \u010dinnost, jestli\u017ee m\u00e1te r\u00e1di ko\u0161\u00edk\u00e1\u0159sk\u00e9 v\u00fdrobky. Toto \u0159emeslo pat\u0159\u00ed k nejstar\u0161\u00edm \u0159emesln\u00fdm \u010dinnostem, kter\u00e9 lidstvo zn\u00e1, a m\u016f\u017eete se s n\u00edm setkat i v poh\u00e1dk\u00e1ch, nap\u0159\u00edklad v legend\u00e1rn\u00ed poh\u00e1dce Py\u0161n\u00e1 princezna, kdy kr\u00e1l Miroslav proj\u00ed\u017ed\u00ed m\u011bstskou tr\u017enic\u00ed. Zdali se v t\u00e9 poh\u00e1dce pletlo z pediku https:\/\/www.lepaso.cz\/Pedik-c3_29_2.htm, to nev\u00edme, nejsp\u00ed\u0161 ne, proto\u017ee tehdy se k v\u00fdrob\u011b ko\u0161\u00edk\u016f vyu\u017e\u00edvaly m\u00edstn\u00ed suroviny, nej\u010dast\u011bji vrbov\u00e9 prout\u00ed, a pedik se k n\u00e1m roz\u0161\u00ed\u0159il a\u017e pozd\u011bji, ka\u017edop\u00e1dn\u011b dnes m\u00e1te mo\u017enost nakupovat tuto li\u00e1nu v r\u016fzn\u00fdch pr\u016fm\u011brech a d\u00e9lk\u00e1ch a tak\u00e9 barv\u00e1ch. Z tohoto materi\u00e1lu se daj\u00ed vyrobit i velmi kr\u00e1sn\u00e9 praktick\u00e9 \u010di ozdobn\u00e9 p\u0159edm\u011bty.O\u0161atky, misky a ko\u0161e a ko\u0161\u00edky \u2013 nej\u010dast\u011bji vyu\u017eijete tuto li\u00e1nu pro tradi\u010dn\u00ed, nejroz\u0161\u00ed\u0159en\u011bj\u0161\u00ed v\u00fdrobky. Maj\u00ed velmi \u0161irok\u00e9 uplatn\u011bn\u00ed v dom\u00e1cnostech pro ukl\u00e1d\u00e1n\u00ed ovoce a zeleniny nebo pe\u010diva. Jsou prody\u0161n\u00e9 a pr\u00e1v\u011b tato vlastnost jim prop\u016fj\u010duje to, co \u017e\u00e1dn\u00e9mu jin\u00e9mu p\u0159\u00edrodn\u00edmu materi\u00e1lu. Dopl\u0148ky na st\u016fl \u2013 p\u0159\u00edborn\u00edky, v\u00e1zy a ko\u0159enkovn\u00edky z pediku mohou zkr\u00e1\u0161lit v\u00e1\u0161 sv\u00e1te\u010dn\u011b prost\u0159en\u00fd st\u016fl. K t\u011bmto p\u0159ekr\u00e1sn\u00fdm v\u00fdtvor\u016fm se velmi dob\u0159e hod\u00ed b\u00edl\u00e9 prost\u00edr\u00e1n\u00ed, p\u0159\u00edpadn\u011b vyzdoben\u00e9 p\u0159\u00edrodn\u00ed tkaninou z juty. Vhodn\u00e9 je, pokud barva t\u011bchto p\u0159edm\u011bt\u016f ost\u0159eji kontrastuje s jejich okol\u00edm, tak\u017ee vynikaj\u00ed i na desk\u00e1ch z tmav\u0161\u00edho d\u0159eva nebo i na pastelov\u00fdch barv\u00e1ch bavln\u011bn\u00e9ho ubrusu.Podnosy \u2013 na podnos ulo\u017e\u00edte ovoce a o\u0159echy, anebo jej vyu\u017eijete pro p\u0159en\u00e1\u0161en\u00ed sva\u010diny na zahradu \u010di do jin\u00fdch m\u00edst, nap\u0159\u00edklad pokud po\u0159\u00e1d\u00e1te rodinnou oslavu na pronajat\u00e9m pozemku. Podnos se tak\u00e9 m\u016f\u017ee st\u00e1t vhodn\u00fdm n\u00e1m\u011btem pro d\u00e1rek k narozenin\u00e1m \u010di jmenin\u00e1m.Figurky zv\u00ed\u0159\u00e1tek \u2013 tvorba z pediku se nezastavuje ani u r\u016fzn\u00fdch figurek, kter\u00e9 mohou oslovit d\u011bti i dosp\u011bl\u00e9. Mohou to b\u00fdt zaj\u00ed\u010dci, ko\u010dky, pejsci, my\u0161ky, je\u017eci, mnoho figurek se hod\u00ed k velikono\u010dn\u00ed v\u00fdzdob\u011b a n\u011bkter\u00e9 poslou\u017e\u00ed i pro hran\u00ed.                                                                                                                                                                                                                                                                                                                                                                                                  "},{"@context":"https:\/\/schema.org\/","@type":"BreadcrumbList","itemListElement":[{"@type":"ListItem","position":1,"name":"Co si m\u016f\u017eete upl\u00e9st z pediku","item":"https:\/\/www.cerum.cz\/co-si-muzete-uplest-z-pediku\/#breadcrumbitem"}]}]