{"@context":"https:\/\/schema.org\/","@type":"CollectionPage","@id":"https:\/\/www.cerum.cz\/byznys\/#CollectionPage","headline":"Byznys Category","description":"","url":"https:\/\/www.cerum.cz\/byznys\/","hasPart":[{"@type":"Article","@id":"https:\/\/www.cerum.cz\/proc-se-vlastne-reviduje-vzduchotechnika\/","headline":"Pro\u010d se vlastn\u011b reviduje vzduchotechnika","url":"https:\/\/www.cerum.cz\/proc-se-vlastne-reviduje-vzduchotechnika\/","datePublished":"2024-09-10","dateModified":"2024-09-10","mainEntityOfPage":"https:\/\/www.cerum.cz\/proc-se-vlastne-reviduje-vzduchotechnika\/","author":{"@type":"Person","@id":"https:\/\/www.cerum.cz\/author\/#Person","name":"","url":"https:\/\/www.cerum.cz\/author\/","identifier":1,"image":{"@type":"ImageObject","@id":"https:\/\/secure.gravatar.com\/avatar\/087c2e57f451bc02fa8017914855d7c40cf6c7d5dc1637b868e007adc26322d1?s=96&d=mm&r=g","url":"https:\/\/secure.gravatar.com\/avatar\/087c2e57f451bc02fa8017914855d7c40cf6c7d5dc1637b868e007adc26322d1?s=96&d=mm&r=g","height":96,"width":96}},"publisher":{"@type":"Organization","name":"cerum.cz","logo":{"@type":"ImageObject","@id":"\/logo.png","url":"\/logo.png","width":600,"height":60}},"image":{"@type":"ImageObject","@id":"https:\/\/www.cerum.cz\/wp-content\/uploads\/helsinki-1342989_640_4.jpg","url":"https:\/\/www.cerum.cz\/wp-content\/uploads\/helsinki-1342989_640_4.jpg","height":0,"width":0},"keywords":null},{"@type":"Article","@id":"https:\/\/www.cerum.cz\/o-co-muzete-pozadat-elektrikare-v-kancelari\/","headline":"O co m\u016f\u017eete po\u017e\u00e1dat elektrik\u00e1\u0159e v kancel\u00e1\u0159i","url":"https:\/\/www.cerum.cz\/o-co-muzete-pozadat-elektrikare-v-kancelari\/","datePublished":"2024-09-10","dateModified":"2024-09-10","mainEntityOfPage":"https:\/\/www.cerum.cz\/o-co-muzete-pozadat-elektrikare-v-kancelari\/","author":{"@type":"Person","@id":"https:\/\/www.cerum.cz\/author\/#Person","name":"","url":"https:\/\/www.cerum.cz\/author\/","identifier":1,"image":{"@type":"ImageObject","@id":"https:\/\/secure.gravatar.com\/avatar\/087c2e57f451bc02fa8017914855d7c40cf6c7d5dc1637b868e007adc26322d1?s=96&d=mm&r=g","url":"https:\/\/secure.gravatar.com\/avatar\/087c2e57f451bc02fa8017914855d7c40cf6c7d5dc1637b868e007adc26322d1?s=96&d=mm&r=g","height":96,"width":96}},"publisher":{"@type":"Organization","name":"cerum.cz","logo":{"@type":"ImageObject","@id":"\/logo.png","url":"\/logo.png","width":600,"height":60}},"image":{"@type":"ImageObject","@id":"https:\/\/www.cerum.cz\/wp-content\/uploads\/handles-7705874_640_5.jpg","url":"https:\/\/www.cerum.cz\/wp-content\/uploads\/handles-7705874_640_5.jpg","height":0,"width":0},"keywords":null},{"@type":"Article","@id":"https:\/\/www.cerum.cz\/cim-vas-prekvapi-kladensky-barber-shop\/","headline":"\u010c\u00edm v\u00e1s p\u0159ekvap\u00ed kladensk\u00fd barber shop","url":"https:\/\/www.cerum.cz\/cim-vas-prekvapi-kladensky-barber-shop\/","datePublished":"2024-09-10","dateModified":"2024-09-10","mainEntityOfPage":"https:\/\/www.cerum.cz\/cim-vas-prekvapi-kladensky-barber-shop\/","author":{"@type":"Person","@id":"https:\/\/www.cerum.cz\/author\/#Person","name":"","url":"https:\/\/www.cerum.cz\/author\/","identifier":1,"image":{"@type":"ImageObject","@id":"https:\/\/secure.gravatar.com\/avatar\/087c2e57f451bc02fa8017914855d7c40cf6c7d5dc1637b868e007adc26322d1?s=96&d=mm&r=g","url":"https:\/\/secure.gravatar.com\/avatar\/087c2e57f451bc02fa8017914855d7c40cf6c7d5dc1637b868e007adc26322d1?s=96&d=mm&r=g","height":96,"width":96}},"publisher":{"@type":"Organization","name":"cerum.cz","logo":{"@type":"ImageObject","@id":"\/logo.png","url":"\/logo.png","width":600,"height":60}},"image":{"@type":"ImageObject","@id":"https:\/\/www.cerum.cz\/wp-content\/uploads\/barber-shop-5225260_640.jpg","url":"https:\/\/www.cerum.cz\/wp-content\/uploads\/barber-shop-5225260_640.jpg","height":0,"width":0},"keywords":null},{"@type":"Article","@id":"https:\/\/www.cerum.cz\/s-cim-vam-vypomuze-uklidova-firma-z-ostravy\/","headline":"S \u010d\u00edm v\u00e1m vypom\u016f\u017ee \u00faklidov\u00e1 firma z Ostravy","url":"https:\/\/www.cerum.cz\/s-cim-vam-vypomuze-uklidova-firma-z-ostravy\/","datePublished":"2024-09-10","dateModified":"2024-09-10","mainEntityOfPage":"https:\/\/www.cerum.cz\/s-cim-vam-vypomuze-uklidova-firma-z-ostravy\/","author":{"@type":"Person","@id":"https:\/\/www.cerum.cz\/author\/#Person","name":"","url":"https:\/\/www.cerum.cz\/author\/","identifier":1,"image":{"@type":"ImageObject","@id":"https:\/\/secure.gravatar.com\/avatar\/087c2e57f451bc02fa8017914855d7c40cf6c7d5dc1637b868e007adc26322d1?s=96&d=mm&r=g","url":"https:\/\/secure.gravatar.com\/avatar\/087c2e57f451bc02fa8017914855d7c40cf6c7d5dc1637b868e007adc26322d1?s=96&d=mm&r=g","height":96,"width":96}},"publisher":{"@type":"Organization","name":"cerum.cz","logo":{"@type":"ImageObject","@id":"\/logo.png","url":"\/logo.png","width":600,"height":60}},"image":{"@type":"ImageObject","@id":"https:\/\/www.cerum.cz\/wp-content\/uploads\/pexels-hugo-martinez-3935355-16948125.jpg","url":"https:\/\/www.cerum.cz\/wp-content\/uploads\/pexels-hugo-martinez-3935355-16948125.jpg","height":0,"width":0},"keywords":null},{"@type":"Article","@id":"https:\/\/www.cerum.cz\/co-dokazou-bakterie-aneb-jak-je-na-tom-vas-koberec\/","headline":"Co dok\u00e1\u017eou bakterie aneb jak je na tom v\u00e1\u0161 koberec","url":"https:\/\/www.cerum.cz\/co-dokazou-bakterie-aneb-jak-je-na-tom-vas-koberec\/","datePublished":"2024-09-10","dateModified":"2024-09-10","mainEntityOfPage":"https:\/\/www.cerum.cz\/co-dokazou-bakterie-aneb-jak-je-na-tom-vas-koberec\/","author":{"@type":"Person","@id":"https:\/\/www.cerum.cz\/author\/#Person","name":"","url":"https:\/\/www.cerum.cz\/author\/","identifier":1,"image":{"@type":"ImageObject","@id":"https:\/\/secure.gravatar.com\/avatar\/087c2e57f451bc02fa8017914855d7c40cf6c7d5dc1637b868e007adc26322d1?s=96&d=mm&r=g","url":"https:\/\/secure.gravatar.com\/avatar\/087c2e57f451bc02fa8017914855d7c40cf6c7d5dc1637b868e007adc26322d1?s=96&d=mm&r=g","height":96,"width":96}},"publisher":{"@type":"Organization","name":"cerum.cz","logo":{"@type":"ImageObject","@id":"\/logo.png","url":"\/logo.png","width":600,"height":60}},"image":{"@type":"ImageObject","@id":"https:\/\/www.cerum.cz\/wp-content\/uploads\/carpet-2935773_640_10_3.jpg","url":"https:\/\/www.cerum.cz\/wp-content\/uploads\/carpet-2935773_640_10_3.jpg","height":0,"width":0},"keywords":null},{"@type":"Article","@id":"https:\/\/www.cerum.cz\/co-znamena-pro-podnikatele-pausalni-dan\/","headline":"Co znamen\u00e1 pro podnikatele pau\u0161\u00e1ln\u00ed da\u0148?","url":"https:\/\/www.cerum.cz\/co-znamena-pro-podnikatele-pausalni-dan\/","datePublished":"2024-09-10","dateModified":"2024-09-10","mainEntityOfPage":"https:\/\/www.cerum.cz\/co-znamena-pro-podnikatele-pausalni-dan\/","author":{"@type":"Person","@id":"https:\/\/www.cerum.cz\/author\/#Person","name":"","url":"https:\/\/www.cerum.cz\/author\/","identifier":1,"image":{"@type":"ImageObject","@id":"https:\/\/secure.gravatar.com\/avatar\/087c2e57f451bc02fa8017914855d7c40cf6c7d5dc1637b868e007adc26322d1?s=96&d=mm&r=g","url":"https:\/\/secure.gravatar.com\/avatar\/087c2e57f451bc02fa8017914855d7c40cf6c7d5dc1637b868e007adc26322d1?s=96&d=mm&r=g","height":96,"width":96}},"publisher":{"@type":"Organization","name":"cerum.cz","logo":{"@type":"ImageObject","@id":"\/logo.png","url":"\/logo.png","width":600,"height":60}},"image":{"@type":"ImageObject","@id":"https:\/\/www.cerum.cz\/wp-content\/uploads\/calculator-385506_640_9.jpg","url":"https:\/\/www.cerum.cz\/wp-content\/uploads\/calculator-385506_640_9.jpg","height":0,"width":0},"keywords":null},{"@type":"Article","@id":"https:\/\/www.cerum.cz\/na-jakou-reklamni-agenturu-je-nejlepsi-se-obratit-v-uherskem-hradisti\/","headline":"Na jakou reklamn\u00ed agenturu je nejlep\u0161\u00ed se obr\u00e1tit v Uhersk\u00e9m Hradi\u0161ti?","url":"https:\/\/www.cerum.cz\/na-jakou-reklamni-agenturu-je-nejlepsi-se-obratit-v-uherskem-hradisti\/","datePublished":"2024-09-10","dateModified":"2024-09-10","mainEntityOfPage":"https:\/\/www.cerum.cz\/na-jakou-reklamni-agenturu-je-nejlepsi-se-obratit-v-uherskem-hradisti\/","author":{"@type":"Person","@id":"https:\/\/www.cerum.cz\/author\/#Person","name":"","url":"https:\/\/www.cerum.cz\/author\/","identifier":1,"image":{"@type":"ImageObject","@id":"https:\/\/secure.gravatar.com\/avatar\/087c2e57f451bc02fa8017914855d7c40cf6c7d5dc1637b868e007adc26322d1?s=96&d=mm&r=g","url":"https:\/\/secure.gravatar.com\/avatar\/087c2e57f451bc02fa8017914855d7c40cf6c7d5dc1637b868e007adc26322d1?s=96&d=mm&r=g","height":96,"width":96}},"publisher":{"@type":"Organization","name":"cerum.cz","logo":{"@type":"ImageObject","@id":"\/logo.png","url":"\/logo.png","width":600,"height":60}},"image":{"@type":"ImageObject","@id":"https:\/\/www.cerum.cz\/wp-content\/uploads\/digital-marketing-1725340_640_10_10_10_5.jpg","url":"https:\/\/www.cerum.cz\/wp-content\/uploads\/digital-marketing-1725340_640_10_10_10_5.jpg","height":0,"width":0},"keywords":null},{"@type":"Article","@id":"https:\/\/www.cerum.cz\/take-nemate-leseni\/","headline":"Tak\u00e9 nem\u00e1te le\u0161en\u00ed?","url":"https:\/\/www.cerum.cz\/take-nemate-leseni\/","datePublished":"2024-08-30","dateModified":"2024-08-30","mainEntityOfPage":"https:\/\/www.cerum.cz\/take-nemate-leseni\/","author":{"@type":"Person","@id":"https:\/\/www.cerum.cz\/author\/#Person","name":"","url":"https:\/\/www.cerum.cz\/author\/","identifier":1,"image":{"@type":"ImageObject","@id":"https:\/\/secure.gravatar.com\/avatar\/087c2e57f451bc02fa8017914855d7c40cf6c7d5dc1637b868e007adc26322d1?s=96&d=mm&r=g","url":"https:\/\/secure.gravatar.com\/avatar\/087c2e57f451bc02fa8017914855d7c40cf6c7d5dc1637b868e007adc26322d1?s=96&d=mm&r=g","height":96,"width":96}},"publisher":{"@type":"Organization","name":"cerum.cz","logo":{"@type":"ImageObject","@id":"\/logo.png","url":"\/logo.png","width":600,"height":60}},"image":{"@type":"ImageObject","@id":"https:\/\/www.cerum.cz\/wp-content\/uploads\/%C5%BE_10_3.jpg","url":"https:\/\/www.cerum.cz\/wp-content\/uploads\/%C5%BE_10_3.jpg","height":0,"width":0},"keywords":null}]}