{"@context":"https:\/\/schema.org\/","@type":"CollectionPage","@id":"https:\/\/www.cerum.cz\/byznys\/#CollectionPage","headline":"Byznys Category","description":"","url":"https:\/\/www.cerum.cz\/byznys\/","hasPart":[{"@type":"Article","@id":"https:\/\/www.cerum.cz\/neni-kresleni-jako-kresleni\/","headline":"Nen\u00ed kreslen\u00ed jako kreslen\u00ed","url":"https:\/\/www.cerum.cz\/neni-kresleni-jako-kresleni\/","datePublished":"2024-09-14","dateModified":"2024-09-14","mainEntityOfPage":"https:\/\/www.cerum.cz\/neni-kresleni-jako-kresleni\/","author":{"@type":"Person","@id":"https:\/\/www.cerum.cz\/author\/#Person","name":"","url":"https:\/\/www.cerum.cz\/author\/","identifier":1,"image":{"@type":"ImageObject","@id":"https:\/\/secure.gravatar.com\/avatar\/087c2e57f451bc02fa8017914855d7c40cf6c7d5dc1637b868e007adc26322d1?s=96&d=mm&r=g","url":"https:\/\/secure.gravatar.com\/avatar\/087c2e57f451bc02fa8017914855d7c40cf6c7d5dc1637b868e007adc26322d1?s=96&d=mm&r=g","height":96,"width":96}},"publisher":{"@type":"Organization","name":"cerum.cz","logo":{"@type":"ImageObject","@id":"\/logo.png","url":"\/logo.png","width":600,"height":60}},"image":{"@type":"ImageObject","@id":"https:\/\/www.cerum.cz\/wp-content\/uploads\/the-background-968356_640.jpg","url":"https:\/\/www.cerum.cz\/wp-content\/uploads\/the-background-968356_640.jpg","height":0,"width":0},"keywords":null},{"@type":"Article","@id":"https:\/\/www.cerum.cz\/webovky-jsou-nutnost\/","headline":"Webovky jsou nutnost","url":"https:\/\/www.cerum.cz\/webovky-jsou-nutnost\/","datePublished":"2024-09-14","dateModified":"2024-09-14","mainEntityOfPage":"https:\/\/www.cerum.cz\/webovky-jsou-nutnost\/","author":{"@type":"Person","@id":"https:\/\/www.cerum.cz\/author\/#Person","name":"","url":"https:\/\/www.cerum.cz\/author\/","identifier":1,"image":{"@type":"ImageObject","@id":"https:\/\/secure.gravatar.com\/avatar\/087c2e57f451bc02fa8017914855d7c40cf6c7d5dc1637b868e007adc26322d1?s=96&d=mm&r=g","url":"https:\/\/secure.gravatar.com\/avatar\/087c2e57f451bc02fa8017914855d7c40cf6c7d5dc1637b868e007adc26322d1?s=96&d=mm&r=g","height":96,"width":96}},"publisher":{"@type":"Organization","name":"cerum.cz","logo":{"@type":"ImageObject","@id":"\/logo.png","url":"\/logo.png","width":600,"height":60}},"image":{"@type":"ImageObject","@id":"https:\/\/www.cerum.cz\/wp-content\/uploads\/pexels-tracy-le-blanc-67789-607812_9.jpg","url":"https:\/\/www.cerum.cz\/wp-content\/uploads\/pexels-tracy-le-blanc-67789-607812_9.jpg","height":0,"width":0},"keywords":null},{"@type":"Article","@id":"https:\/\/www.cerum.cz\/zalozte-si-web\/","headline":"Zalo\u017ete si web","url":"https:\/\/www.cerum.cz\/zalozte-si-web\/","datePublished":"2024-09-14","dateModified":"2024-09-14","mainEntityOfPage":"https:\/\/www.cerum.cz\/zalozte-si-web\/","author":{"@type":"Person","@id":"https:\/\/www.cerum.cz\/author\/#Person","name":"","url":"https:\/\/www.cerum.cz\/author\/","identifier":1,"image":{"@type":"ImageObject","@id":"https:\/\/secure.gravatar.com\/avatar\/087c2e57f451bc02fa8017914855d7c40cf6c7d5dc1637b868e007adc26322d1?s=96&d=mm&r=g","url":"https:\/\/secure.gravatar.com\/avatar\/087c2e57f451bc02fa8017914855d7c40cf6c7d5dc1637b868e007adc26322d1?s=96&d=mm&r=g","height":96,"width":96}},"publisher":{"@type":"Organization","name":"cerum.cz","logo":{"@type":"ImageObject","@id":"\/logo.png","url":"\/logo.png","width":600,"height":60}},"image":{"@type":"ImageObject","@id":"https:\/\/www.cerum.cz\/wp-content\/uploads\/hands-1851218_640_8.jpg","url":"https:\/\/www.cerum.cz\/wp-content\/uploads\/hands-1851218_640_8.jpg","height":0,"width":0},"keywords":null},{"@type":"Article","@id":"https:\/\/www.cerum.cz\/kvalitni-web-je-vase-vizitka\/","headline":"Kvalitn\u00ed web je va\u0161e vizitka","url":"https:\/\/www.cerum.cz\/kvalitni-web-je-vase-vizitka\/","datePublished":"2024-09-14","dateModified":"2024-09-14","mainEntityOfPage":"https:\/\/www.cerum.cz\/kvalitni-web-je-vase-vizitka\/","author":{"@type":"Person","@id":"https:\/\/www.cerum.cz\/author\/#Person","name":"","url":"https:\/\/www.cerum.cz\/author\/","identifier":1,"image":{"@type":"ImageObject","@id":"https:\/\/secure.gravatar.com\/avatar\/087c2e57f451bc02fa8017914855d7c40cf6c7d5dc1637b868e007adc26322d1?s=96&d=mm&r=g","url":"https:\/\/secure.gravatar.com\/avatar\/087c2e57f451bc02fa8017914855d7c40cf6c7d5dc1637b868e007adc26322d1?s=96&d=mm&r=g","height":96,"width":96}},"publisher":{"@type":"Organization","name":"cerum.cz","logo":{"@type":"ImageObject","@id":"\/logo.png","url":"\/logo.png","width":600,"height":60}},"image":{"@type":"ImageObject","@id":"https:\/\/www.cerum.cz\/wp-content\/uploads\/software-developer-6521720_640_3.jpg","url":"https:\/\/www.cerum.cz\/wp-content\/uploads\/software-developer-6521720_640_3.jpg","height":0,"width":0},"keywords":null},{"@type":"Article","@id":"https:\/\/www.cerum.cz\/uklid-spolecnych-prostor-v-bytovem-dome-od-uklidove-firmy\/","headline":"\u00daklid spole\u010dn\u00fdch prostor v bytov\u00e9m dom\u011b od \u00faklidov\u00e9 firmy","url":"https:\/\/www.cerum.cz\/uklid-spolecnych-prostor-v-bytovem-dome-od-uklidove-firmy\/","datePublished":"2024-09-11","dateModified":"2024-09-11","mainEntityOfPage":"https:\/\/www.cerum.cz\/uklid-spolecnych-prostor-v-bytovem-dome-od-uklidove-firmy\/","author":{"@type":"Person","@id":"https:\/\/www.cerum.cz\/author\/#Person","name":"","url":"https:\/\/www.cerum.cz\/author\/","identifier":1,"image":{"@type":"ImageObject","@id":"https:\/\/secure.gravatar.com\/avatar\/087c2e57f451bc02fa8017914855d7c40cf6c7d5dc1637b868e007adc26322d1?s=96&d=mm&r=g","url":"https:\/\/secure.gravatar.com\/avatar\/087c2e57f451bc02fa8017914855d7c40cf6c7d5dc1637b868e007adc26322d1?s=96&d=mm&r=g","height":96,"width":96}},"publisher":{"@type":"Organization","name":"cerum.cz","logo":{"@type":"ImageObject","@id":"\/logo.png","url":"\/logo.png","width":600,"height":60}},"image":{"@type":"ImageObject","@id":"https:\/\/www.cerum.cz\/wp-content\/uploads\/city-4793291_640_2.jpg","url":"https:\/\/www.cerum.cz\/wp-content\/uploads\/city-4793291_640_2.jpg","height":0,"width":0},"keywords":null},{"@type":"Article","@id":"https:\/\/www.cerum.cz\/proc-si-pronajimam-auto\/","headline":"Pro\u010d si pronaj\u00edm\u00e1m auto","url":"https:\/\/www.cerum.cz\/proc-si-pronajimam-auto\/","datePublished":"2024-09-11","dateModified":"2024-09-11","mainEntityOfPage":"https:\/\/www.cerum.cz\/proc-si-pronajimam-auto\/","author":{"@type":"Person","@id":"https:\/\/www.cerum.cz\/author\/#Person","name":"","url":"https:\/\/www.cerum.cz\/author\/","identifier":1,"image":{"@type":"ImageObject","@id":"https:\/\/secure.gravatar.com\/avatar\/087c2e57f451bc02fa8017914855d7c40cf6c7d5dc1637b868e007adc26322d1?s=96&d=mm&r=g","url":"https:\/\/secure.gravatar.com\/avatar\/087c2e57f451bc02fa8017914855d7c40cf6c7d5dc1637b868e007adc26322d1?s=96&d=mm&r=g","height":96,"width":96}},"publisher":{"@type":"Organization","name":"cerum.cz","logo":{"@type":"ImageObject","@id":"\/logo.png","url":"\/logo.png","width":600,"height":60}},"image":{"@type":"ImageObject","@id":"https:\/\/www.cerum.cz\/wp-content\/uploads\/pexels-milos-stekly-99816836-17307614.jpg","url":"https:\/\/www.cerum.cz\/wp-content\/uploads\/pexels-milos-stekly-99816836-17307614.jpg","height":0,"width":0},"keywords":null},{"@type":"Article","@id":"https:\/\/www.cerum.cz\/proc-jsou-stale-oblibene-koncerty-vazne-hudby\/","headline":"Pro\u010d jsou st\u00e1le obl\u00edben\u00e9 koncerty v\u00e1\u017en\u00e9 hudby","url":"https:\/\/www.cerum.cz\/proc-jsou-stale-oblibene-koncerty-vazne-hudby\/","datePublished":"2024-09-11","dateModified":"2024-09-11","mainEntityOfPage":"https:\/\/www.cerum.cz\/proc-jsou-stale-oblibene-koncerty-vazne-hudby\/","author":{"@type":"Person","@id":"https:\/\/www.cerum.cz\/author\/#Person","name":"","url":"https:\/\/www.cerum.cz\/author\/","identifier":1,"image":{"@type":"ImageObject","@id":"https:\/\/secure.gravatar.com\/avatar\/087c2e57f451bc02fa8017914855d7c40cf6c7d5dc1637b868e007adc26322d1?s=96&d=mm&r=g","url":"https:\/\/secure.gravatar.com\/avatar\/087c2e57f451bc02fa8017914855d7c40cf6c7d5dc1637b868e007adc26322d1?s=96&d=mm&r=g","height":96,"width":96}},"publisher":{"@type":"Organization","name":"cerum.cz","logo":{"@type":"ImageObject","@id":"\/logo.png","url":"\/logo.png","width":600,"height":60}},"image":{"@type":"ImageObject","@id":"https:\/\/www.cerum.cz\/wp-content\/uploads\/pexels-pixabay-164821.jpg","url":"https:\/\/www.cerum.cz\/wp-content\/uploads\/pexels-pixabay-164821.jpg","height":0,"width":0},"keywords":null},{"@type":"Article","@id":"https:\/\/www.cerum.cz\/nechte-montaz-nabytku-na-odbornicich\/","headline":"Nechte mont\u00e1\u017e n\u00e1bytku na odborn\u00edc\u00edch","url":"https:\/\/www.cerum.cz\/nechte-montaz-nabytku-na-odbornicich\/","datePublished":"2024-09-11","dateModified":"2024-09-11","mainEntityOfPage":"https:\/\/www.cerum.cz\/nechte-montaz-nabytku-na-odbornicich\/","author":{"@type":"Person","@id":"https:\/\/www.cerum.cz\/author\/#Person","name":"","url":"https:\/\/www.cerum.cz\/author\/","identifier":1,"image":{"@type":"ImageObject","@id":"https:\/\/secure.gravatar.com\/avatar\/087c2e57f451bc02fa8017914855d7c40cf6c7d5dc1637b868e007adc26322d1?s=96&d=mm&r=g","url":"https:\/\/secure.gravatar.com\/avatar\/087c2e57f451bc02fa8017914855d7c40cf6c7d5dc1637b868e007adc26322d1?s=96&d=mm&r=g","height":96,"width":96}},"publisher":{"@type":"Organization","name":"cerum.cz","logo":{"@type":"ImageObject","@id":"\/logo.png","url":"\/logo.png","width":600,"height":60}},"image":{"@type":"ImageObject","@id":"https:\/\/www.cerum.cz\/wp-content\/uploads\/interior-design-7591340_640.jpg","url":"https:\/\/www.cerum.cz\/wp-content\/uploads\/interior-design-7591340_640.jpg","height":0,"width":0},"keywords":null},{"@type":"Article","@id":"https:\/\/www.cerum.cz\/kde-postavit-party-stan-pro-rodinnou-oslavu\/","headline":"Kde postavit party stan pro rodinnou oslavu","url":"https:\/\/www.cerum.cz\/kde-postavit-party-stan-pro-rodinnou-oslavu\/","datePublished":"2024-09-11","dateModified":"2024-09-11","mainEntityOfPage":"https:\/\/www.cerum.cz\/kde-postavit-party-stan-pro-rodinnou-oslavu\/","author":{"@type":"Person","@id":"https:\/\/www.cerum.cz\/author\/#Person","name":"","url":"https:\/\/www.cerum.cz\/author\/","identifier":1,"image":{"@type":"ImageObject","@id":"https:\/\/secure.gravatar.com\/avatar\/087c2e57f451bc02fa8017914855d7c40cf6c7d5dc1637b868e007adc26322d1?s=96&d=mm&r=g","url":"https:\/\/secure.gravatar.com\/avatar\/087c2e57f451bc02fa8017914855d7c40cf6c7d5dc1637b868e007adc26322d1?s=96&d=mm&r=g","height":96,"width":96}},"publisher":{"@type":"Organization","name":"cerum.cz","logo":{"@type":"ImageObject","@id":"\/logo.png","url":"\/logo.png","width":600,"height":60}},"image":{"@type":"ImageObject","@id":"https:\/\/www.cerum.cz\/wp-content\/uploads\/pexels-jonathanborba-11994907.jpg","url":"https:\/\/www.cerum.cz\/wp-content\/uploads\/pexels-jonathanborba-11994907.jpg","height":0,"width":0},"keywords":null},{"@type":"Article","@id":"https:\/\/www.cerum.cz\/havarie-plynu-neni-legrace\/","headline":"Hav\u00e1rie plynu nen\u00ed legrace","url":"https:\/\/www.cerum.cz\/havarie-plynu-neni-legrace\/","datePublished":"2024-09-11","dateModified":"2024-09-11","mainEntityOfPage":"https:\/\/www.cerum.cz\/havarie-plynu-neni-legrace\/","author":{"@type":"Person","@id":"https:\/\/www.cerum.cz\/author\/#Person","name":"","url":"https:\/\/www.cerum.cz\/author\/","identifier":1,"image":{"@type":"ImageObject","@id":"https:\/\/secure.gravatar.com\/avatar\/087c2e57f451bc02fa8017914855d7c40cf6c7d5dc1637b868e007adc26322d1?s=96&d=mm&r=g","url":"https:\/\/secure.gravatar.com\/avatar\/087c2e57f451bc02fa8017914855d7c40cf6c7d5dc1637b868e007adc26322d1?s=96&d=mm&r=g","height":96,"width":96}},"publisher":{"@type":"Organization","name":"cerum.cz","logo":{"@type":"ImageObject","@id":"\/logo.png","url":"\/logo.png","width":600,"height":60}},"image":{"@type":"ImageObject","@id":"https:\/\/www.cerum.cz\/wp-content\/uploads\/gas-1938298_640_1.jpg","url":"https:\/\/www.cerum.cz\/wp-content\/uploads\/gas-1938298_640_1.jpg","height":0,"width":0},"keywords":null}]}