{"@context":"https:\/\/schema.org\/","@type":"CollectionPage","@id":"https:\/\/www.cerum.cz\/byt-a-dum\/#CollectionPage","headline":"Byt a d\u016fm Category","description":"","url":"https:\/\/www.cerum.cz\/byt-a-dum\/","hasPart":[{"@type":"Article","@id":"https:\/\/www.cerum.cz\/tou-je-integrovany-zateplovaci-system\/","headline":"Tou je integrovan\u00fd zateplovac\u00ed syst\u00e9m","url":"https:\/\/www.cerum.cz\/tou-je-integrovany-zateplovaci-system\/","datePublished":"2024-11-19","dateModified":"2024-11-19","mainEntityOfPage":"https:\/\/www.cerum.cz\/tou-je-integrovany-zateplovaci-system\/","author":{"@type":"Person","@id":"https:\/\/www.cerum.cz\/author\/#Person","name":"","url":"https:\/\/www.cerum.cz\/author\/","identifier":1,"image":{"@type":"ImageObject","@id":"https:\/\/secure.gravatar.com\/avatar\/087c2e57f451bc02fa8017914855d7c40cf6c7d5dc1637b868e007adc26322d1?s=96&d=mm&r=g","url":"https:\/\/secure.gravatar.com\/avatar\/087c2e57f451bc02fa8017914855d7c40cf6c7d5dc1637b868e007adc26322d1?s=96&d=mm&r=g","height":96,"width":96}},"publisher":{"@type":"Organization","name":"cerum.cz","logo":{"@type":"ImageObject","@id":"\/logo.png","url":"\/logo.png","width":600,"height":60}},"image":{"@type":"ImageObject","@id":"https:\/\/www.cerum.cz\/wp-content\/uploads\/pen%C3%ADze%20na%20strom%C4%9B_6.jpg","url":"https:\/\/www.cerum.cz\/wp-content\/uploads\/pen%C3%ADze%20na%20strom%C4%9B_6.jpg","height":0,"width":0},"keywords":null},{"@type":"Article","@id":"https:\/\/www.cerum.cz\/bytovy-architekt-navrhuje-loznici\/","headline":"Bytov\u00fd architekt navrhuje lo\u017enici","url":"https:\/\/www.cerum.cz\/bytovy-architekt-navrhuje-loznici\/","datePublished":"2024-08-30","dateModified":"2024-08-30","mainEntityOfPage":"https:\/\/www.cerum.cz\/bytovy-architekt-navrhuje-loznici\/","author":{"@type":"Person","@id":"https:\/\/www.cerum.cz\/author\/#Person","name":"","url":"https:\/\/www.cerum.cz\/author\/","identifier":1,"image":{"@type":"ImageObject","@id":"https:\/\/secure.gravatar.com\/avatar\/087c2e57f451bc02fa8017914855d7c40cf6c7d5dc1637b868e007adc26322d1?s=96&d=mm&r=g","url":"https:\/\/secure.gravatar.com\/avatar\/087c2e57f451bc02fa8017914855d7c40cf6c7d5dc1637b868e007adc26322d1?s=96&d=mm&r=g","height":96,"width":96}},"publisher":{"@type":"Organization","name":"cerum.cz","logo":{"@type":"ImageObject","@id":"\/logo.png","url":"\/logo.png","width":600,"height":60}},"image":{"@type":"ImageObject","@id":"https:\/\/www.cerum.cz\/wp-content\/uploads\/beach-house-1505461_640_1.jpg","url":"https:\/\/www.cerum.cz\/wp-content\/uploads\/beach-house-1505461_640_1.jpg","height":0,"width":0},"keywords":null},{"@type":"Article","@id":"https:\/\/www.cerum.cz\/uklizejte-rychle-ale-efektivne-staci-vam-chvilka-a-budete-mit-doma-cisto\/","headline":"Ukl\u00edzejte rychle ale efektivn\u011b &#8211; Sta\u010d\u00ed v\u00e1m chvilka a budete m\u00edt doma \u010disto!","url":"https:\/\/www.cerum.cz\/uklizejte-rychle-ale-efektivne-staci-vam-chvilka-a-budete-mit-doma-cisto\/","datePublished":"2024-01-25","dateModified":"2024-01-25","mainEntityOfPage":"https:\/\/www.cerum.cz\/uklizejte-rychle-ale-efektivne-staci-vam-chvilka-a-budete-mit-doma-cisto\/","author":{"@type":"Person","@id":"https:\/\/www.cerum.cz\/author\/#Person","name":"","url":"https:\/\/www.cerum.cz\/author\/","identifier":1,"image":{"@type":"ImageObject","@id":"https:\/\/secure.gravatar.com\/avatar\/087c2e57f451bc02fa8017914855d7c40cf6c7d5dc1637b868e007adc26322d1?s=96&d=mm&r=g","url":"https:\/\/secure.gravatar.com\/avatar\/087c2e57f451bc02fa8017914855d7c40cf6c7d5dc1637b868e007adc26322d1?s=96&d=mm&r=g","height":96,"width":96}},"publisher":{"@type":"Organization","name":"cerum.cz","logo":{"@type":"ImageObject","@id":"\/logo.png","url":"\/logo.png","width":600,"height":60}},"image":{"@type":"ImageObject","@id":"https:\/\/www.cerum.cz\/wp-content\/uploads\/blinds-5928692_640_10_4.jpg","url":"https:\/\/www.cerum.cz\/wp-content\/uploads\/blinds-5928692_640_10_4.jpg","height":0,"width":0},"keywords":null},{"@type":"Article","@id":"https:\/\/www.cerum.cz\/kdy-si-pojistit-novy-dum-ci-byt\/","headline":"Kdy si pojistit nov\u00fd d\u016fm \u010di byt","url":"https:\/\/www.cerum.cz\/kdy-si-pojistit-novy-dum-ci-byt\/","datePublished":"2023-10-30","dateModified":"2023-10-30","mainEntityOfPage":"https:\/\/www.cerum.cz\/kdy-si-pojistit-novy-dum-ci-byt\/","author":{"@type":"Person","@id":"https:\/\/www.cerum.cz\/author\/#Person","name":"","url":"https:\/\/www.cerum.cz\/author\/","identifier":1,"image":{"@type":"ImageObject","@id":"https:\/\/secure.gravatar.com\/avatar\/087c2e57f451bc02fa8017914855d7c40cf6c7d5dc1637b868e007adc26322d1?s=96&d=mm&r=g","url":"https:\/\/secure.gravatar.com\/avatar\/087c2e57f451bc02fa8017914855d7c40cf6c7d5dc1637b868e007adc26322d1?s=96&d=mm&r=g","height":96,"width":96}},"publisher":{"@type":"Organization","name":"cerum.cz","logo":{"@type":"ImageObject","@id":"\/logo.png","url":"\/logo.png","width":600,"height":60}},"image":{"@type":"ImageObject","@id":"https:\/\/www.cerum.cz\/wp-content\/uploads\/hypoteka3_10_10_10_10_5.png","url":"https:\/\/www.cerum.cz\/wp-content\/uploads\/hypoteka3_10_10_10_10_5.png","height":0,"width":0},"keywords":null}]}